{"id":12274,"date":"2024-03-19T11:02:48","date_gmt":"2024-03-19T11:02:48","guid":{"rendered":"https:\/\/alger16.dz\/?p=12274"},"modified":"2024-03-19T11:02:49","modified_gmt":"2024-03-19T11:02:49","slug":"ministere-de-lagriculture-les-unites-de-production-agricoles-se-specialiseront-dans-les-cultures-strategiques","status":"publish","type":"post","link":"https:\/\/alger16.dz\/?p=12274","title":{"rendered":"Minist\u00e8re de l\u2019Agriculture : Les unit\u00e9s de production agricoles se sp\u00e9cialiseront dans les cultures strat\u00e9giques"},"content":{"rendered":"\n<p>Par Khireddine.B<\/p>\n\n\n\n<p><strong><em>D\u00e9sormais dans la culture des l\u00e9gumineuses, les ol\u00e9agineux, la semence et l&rsquo;arboriculture font partie des grandes cultures strat\u00e9giques, a annonc\u00e9 dimanche dernier, depuis M\u00e9d\u00e9a, le ministre de l\u2019Agriculture et du D\u00e9veloppement rural, Youcef Chorfa.<br><\/em><\/strong><\/p>\n\n\n\n<figure class=\"wp-block-image size-full is-resized\"><img loading=\"lazy\" decoding=\"async\" width=\"720\" height=\"372\" src=\"https:\/\/alger16.dz\/wp-content\/uploads\/2024\/03\/AGRIC.jpg\" alt=\"\" class=\"wp-image-12275\" style=\"width:844px;height:auto\" srcset=\"https:\/\/alger16.dz\/wp-content\/uploads\/2024\/03\/AGRIC.jpg 720w, https:\/\/alger16.dz\/wp-content\/uploads\/2024\/03\/AGRIC-300x155.jpg 300w\" sizes=\"auto, (max-width: 720px) 100vw, 720px\" \/><\/figure>\n\n\n\n<p>En marge de sa visite \u00e0 la Coop\u00e9rative de c\u00e9r\u00e9ales et de l\u00e9gumes secs (CCLS) de Berrouaghia, le ministre a expliqu\u00e9 que \u201cles unit\u00e9s de production agricole vont fonctionner sur la base d\u2019outils de gestion moderne, et sont appel\u00e9es \u00e0 adapter leur travail \u00e0 ce qu\u2019il y a de plus performant en mati\u00e8re de proc\u00e9d\u00e9s de production afin qu\u2019elles puissent contribuer \u00e0 notre s\u00e9curit\u00e9 alimentaire\u201d.<br>Dans ce sillage, le ministre a insist\u00e9 sur l&rsquo;importance de r\u00e9aliser 150\u2008000 hectares de l\u00e9gumineuses lors de la campagne 2024 pour certaines unit\u00e9s de production agricoles r\u00e9parties d\u00e0 travers le pays.<br>Evoquant l&rsquo;avancement du projet de construction de nouvelles structures de stockage de c\u00e9r\u00e9ales, M.\u2008Chorfa a demand\u00e9 \u00e0 la direction des \u00e9quipements publics (DEP), charg\u00e9e de l&rsquo;op\u00e9ration, de d\u00e9marrer rapidement la r\u00e9alisation de 12\u2008complexes de stockage de proximit\u00e9 dans la wilaya de M\u00e9d\u00e9a. Il a soulign\u00e9 l&rsquo;urgence de cette initiative pour renforcer les capacit\u00e9s de stockage de c\u00e9r\u00e9ales du pays et a insist\u00e9 pour que la construction d\u00e9bute avant la mi-avril afin d\u2019achever les complexes d&rsquo;ici d\u00e9cembre prochain.<br>Le ministre a \u00e9galement \u00e9voqu\u00e9 la prochaine mise en place d&rsquo;un plafonnement de la marge b\u00e9n\u00e9ficiaire pour les produits import\u00e9s tels que la viande, suivant le mod\u00e8le d\u00e9j\u00e0 en place pour les l\u00e9gumineuses. Cette mesure vise \u00e0 prot\u00e9ger le pouvoir d&rsquo;achat des citoyens, \u00e0 r\u00e9guler le march\u00e9 et \u00e0 assurer une offre abondante.<br>Pour rappel, pendant sa visite de travail \u00e0 M\u00e9d\u00e9a, M.\u2008Chorfa a inspect\u00e9 l&rsquo;unit\u00e9 de production agricole Si-Dhaoui sp\u00e9cialis\u00e9e dans l&rsquo;\u00e9levage bovin, la culture de fourrage et les l\u00e9gumineuses, avant de se rendre \u00e0 la CCLS de Berrouaghia. Il a encourag\u00e9 les responsables du secteur agricole et de la coop\u00e9rative \u00e0 redoubler d&rsquo;efforts pour atteindre les objectifs fix\u00e9s en mati\u00e8re de culture des l\u00e9gumineuses. M.\u2008Chorfa a \u00e9galement visit\u00e9 une exploitation agricole situ\u00e9e dans la commune d&rsquo;Ouled Brahim, mise en place dans le cadre d&rsquo;un partenariat, ainsi qu&rsquo;\u00e0 une autre exploitation situ\u00e9e \u00e0 Benchicao, sp\u00e9cialis\u00e9e dans l&rsquo;arboriculture fruiti\u00e8re. <\/p>\n","protected":false},"excerpt":{"rendered":"<p>Par Khireddine.B D\u00e9sormais dans la culture des l\u00e9gumineuses, les ol\u00e9agineux, la semence et l&rsquo;arboriculture font partie des grandes cultures strat\u00e9giques, a annonc\u00e9 dimanche dernier, depuis M\u00e9d\u00e9a, le ministre de l\u2019Agriculture et du D\u00e9veloppement rural, Youcef Chorfa. En marge de sa visite \u00e0 la Coop\u00e9rative de c\u00e9r\u00e9ales et de l\u00e9gumes secs [&hellip;]<\/p>\n","protected":false},"author":3,"featured_media":12275,"comment_status":"open","ping_status":"open","sticky":false,"template":"","format":"standard","meta":{"footnotes":""},"categories":[63],"tags":[],"class_list":["post-12274","post","type-post","status-publish","format-standard","has-post-thumbnail","hentry","category-economie"],"_links":{"self":[{"href":"https:\/\/alger16.dz\/index.php?rest_route=\/wp\/v2\/posts\/12274","targetHints":{"allow":["GET"]}}],"collection":[{"href":"https:\/\/alger16.dz\/index.php?rest_route=\/wp\/v2\/posts"}],"about":[{"href":"https:\/\/alger16.dz\/index.php?rest_route=\/wp\/v2\/types\/post"}],"author":[{"embeddable":true,"href":"https:\/\/alger16.dz\/index.php?rest_route=\/wp\/v2\/users\/3"}],"replies":[{"embeddable":true,"href":"https:\/\/alger16.dz\/index.php?rest_route=%2Fwp%2Fv2%2Fcomments&post=12274"}],"version-history":[{"count":1,"href":"https:\/\/alger16.dz\/index.php?rest_route=\/wp\/v2\/posts\/12274\/revisions"}],"predecessor-version":[{"id":12276,"href":"https:\/\/alger16.dz\/index.php?rest_route=\/wp\/v2\/posts\/12274\/revisions\/12276"}],"wp:featuredmedia":[{"embeddable":true,"href":"https:\/\/alger16.dz\/index.php?rest_route=\/wp\/v2\/media\/12275"}],"wp:attachment":[{"href":"https:\/\/alger16.dz\/index.php?rest_route=%2Fwp%2Fv2%2Fmedia&parent=12274"}],"wp:term":[{"taxonomy":"category","embeddable":true,"href":"https:\/\/alger16.dz\/index.php?rest_route=%2Fwp%2Fv2%2Fcategories&post=12274"},{"taxonomy":"post_tag","embeddable":true,"href":"https:\/\/alger16.dz\/index.php?rest_route=%2Fwp%2Fv2%2Ftags&post=12274"}],"curies":[{"name":"wp","href":"https:\/\/api.w.org\/{rel}","templated":true}]}}