{"id":12348,"date":"2024-03-20T10:39:37","date_gmt":"2024-03-20T10:39:37","guid":{"rendered":"https:\/\/alger16.dz\/?p=12348"},"modified":"2024-03-20T10:39:40","modified_gmt":"2024-03-20T10:39:40","slug":"62e-anniversaire-de-la-fete-de-la-victoire-le-president-de-la-republiqueunifier-les-rangs-et-conforter-le-front-interieur","status":"publish","type":"post","link":"https:\/\/alger16.dz\/?p=12348","title":{"rendered":"62e anniversaire de la F\u00eate de la Victoire : Le pr\u00e9sident de la r\u00e9publique\u201cunifier les rangs et conforter le front int\u00e9rieur\u201d"},"content":{"rendered":"\n<p>Par Y. O. <\/p>\n\n\n\n<p><strong><em>Le pr\u00e9sident de la R\u00e9publique, Abdelmadjid Tebboune, a affirm\u00e9, lundi dernier, que la c\u00e9l\u00e9bration du 62e anniversaire de la F\u00eate de la Victoire intervenait dans une conjoncture r\u00e9gionale et internationale qui appelle \u00e0 la conjugaison des efforts de tous pour unifier les rangs et conforter le front int\u00e9rieur.<\/em><\/strong><\/p>\n\n\n\n<figure class=\"wp-block-image size-full is-resized\"><img loading=\"lazy\" decoding=\"async\" width=\"850\" height=\"480\" src=\"https:\/\/alger16.dz\/wp-content\/uploads\/2024\/03\/teb-1.jpg\" alt=\"\" class=\"wp-image-12349\" style=\"width:891px;height:auto\" srcset=\"https:\/\/alger16.dz\/wp-content\/uploads\/2024\/03\/teb-1.jpg 850w, https:\/\/alger16.dz\/wp-content\/uploads\/2024\/03\/teb-1-300x169.jpg 300w, https:\/\/alger16.dz\/wp-content\/uploads\/2024\/03\/teb-1-768x434.jpg 768w\" sizes=\"auto, (max-width: 850px) 100vw, 850px\" \/><\/figure>\n\n\n\n<p>Dans un message adress\u00e9 au peuple alg\u00e9rien \u00e0 l&rsquo;occasion de la c\u00e9l\u00e9bration du 62e anniversaire de la f\u00eate de la Victoire, le pr\u00e9sident Tebboune a indiqu\u00e9 : \u00ab\u00a0Nous c\u00e9l\u00e9brons cet anniversaire m\u00e9morable dans une conjoncture r\u00e9gionale et internationale qui appelle la conjugaison des efforts de tout un chacun pour unifier les rangs et conforter le front int\u00e9rieur et exige la hi\u00e9rarchisation des priorit\u00e9s selon une perspective nationale strat\u00e9gique, partant de la n\u00e9cessit\u00e9 d&rsquo;assumer pleinement les responsabilit\u00e9s face aux d\u00e9fis auxquels notre pays est confront\u00e9\u00a0\u00bb.<br>En t\u00eate de ces priorit\u00e9s, le pr\u00e9sident Tebboune a cit\u00e9 \u00ab\u00a0le souci de pr\u00e9server la large contribution collective \u00e0 la pr\u00e9servation de la stabilit\u00e9 dont jouit le peuple alg\u00e9rien dans un environnement marqu\u00e9 par des tensions qui menacent la paix et la s\u00e9curit\u00e9 dans la r\u00e9gion et dans un monde en proie \u00e0 des conflits, des luttes et des polarisations complexes\u00a0\u00bb.<br>Le pr\u00e9sident de la R\u00e9publique a salu\u00e9, \u00e0 cette occasion, les citoyennes et les citoyens pour leur \u00ab\u00a0conscience nationale \u00e9lev\u00e9e\u00a0\u00bb, se r\u00e9jouissant des \u00ab\u00a0efforts louables des acteurs du mouvement associatif et de la soci\u00e9t\u00e9 civile\u00a0\u00bb.<br>Le chef de l\u2019Etat a aussi rendu un vibrant hommage aux \u00ab\u00a0vaillants hommes qui veillent sur nos fronti\u00e8res parmi les membres de l&rsquo;Arm\u00e9e nationale populaire (ANP), ainsi qu&rsquo;aux forces de s\u00e9curit\u00e9 qui assurent la qui\u00e9tude et la s\u00e9r\u00e9nit\u00e9 dans la soci\u00e9t\u00e9, faisant montre de la plus grande vigilance dans l&rsquo;accomplissement de leurs nobles missions\u00a0\u00bb.<br>Par ailleurs, le pr\u00e9sident de la R\u00e9publique s&rsquo;est inclin\u00e9 \u00e0 la m\u00e9moire des martyrs du devoir national et des martyrs de la glorieuse R\u00e9volution de lib\u00e9ration, faisant part de sa consid\u00e9ration et de son estime aux moudjahidate et aux moudjahidine.<br><\/p>\n","protected":false},"excerpt":{"rendered":"<p>Par Y. O. Le pr\u00e9sident de la R\u00e9publique, Abdelmadjid Tebboune, a affirm\u00e9, lundi dernier, que la c\u00e9l\u00e9bration du 62e anniversaire de la F\u00eate de la Victoire intervenait dans une conjoncture r\u00e9gionale et internationale qui appelle \u00e0 la conjugaison des efforts de tous pour unifier les rangs et conforter le front [&hellip;]<\/p>\n","protected":false},"author":3,"featured_media":12349,"comment_status":"open","ping_status":"open","sticky":false,"template":"","format":"standard","meta":{"footnotes":""},"categories":[36],"tags":[],"class_list":["post-12348","post","type-post","status-publish","format-standard","has-post-thumbnail","hentry","category-actualites"],"_links":{"self":[{"href":"https:\/\/alger16.dz\/index.php?rest_route=\/wp\/v2\/posts\/12348","targetHints":{"allow":["GET"]}}],"collection":[{"href":"https:\/\/alger16.dz\/index.php?rest_route=\/wp\/v2\/posts"}],"about":[{"href":"https:\/\/alger16.dz\/index.php?rest_route=\/wp\/v2\/types\/post"}],"author":[{"embeddable":true,"href":"https:\/\/alger16.dz\/index.php?rest_route=\/wp\/v2\/users\/3"}],"replies":[{"embeddable":true,"href":"https:\/\/alger16.dz\/index.php?rest_route=%2Fwp%2Fv2%2Fcomments&post=12348"}],"version-history":[{"count":1,"href":"https:\/\/alger16.dz\/index.php?rest_route=\/wp\/v2\/posts\/12348\/revisions"}],"predecessor-version":[{"id":12351,"href":"https:\/\/alger16.dz\/index.php?rest_route=\/wp\/v2\/posts\/12348\/revisions\/12351"}],"wp:featuredmedia":[{"embeddable":true,"href":"https:\/\/alger16.dz\/index.php?rest_route=\/wp\/v2\/media\/12349"}],"wp:attachment":[{"href":"https:\/\/alger16.dz\/index.php?rest_route=%2Fwp%2Fv2%2Fmedia&parent=12348"}],"wp:term":[{"taxonomy":"category","embeddable":true,"href":"https:\/\/alger16.dz\/index.php?rest_route=%2Fwp%2Fv2%2Fcategories&post=12348"},{"taxonomy":"post_tag","embeddable":true,"href":"https:\/\/alger16.dz\/index.php?rest_route=%2Fwp%2Fv2%2Ftags&post=12348"}],"curies":[{"name":"wp","href":"https:\/\/api.w.org\/{rel}","templated":true}]}}