{"id":12540,"date":"2024-03-24T14:42:57","date_gmt":"2024-03-24T14:42:57","guid":{"rendered":"https:\/\/alger16.dz\/?p=12540"},"modified":"2024-03-24T14:42:58","modified_gmt":"2024-03-24T14:42:58","slug":"affaires-religieuses-zakat-el-fitr-fixee-a-150-da","status":"publish","type":"post","link":"https:\/\/alger16.dz\/?p=12540","title":{"rendered":"Affaires religieuses: Zakat El-Fitr fix\u00e9e \u00e0 150 DA"},"content":{"rendered":"\n<p><strong><em>La Zakat El-Fitr a \u00e9t\u00e9 fix\u00e9e cette ann\u00e9e \u00e0 150 Da par le minist\u00e8re des Affaires religieuses et des Wakfs qui appelle les imams \u00e0 proc\u00e9der \u00e0 sa collecte \u00e0 compter du 15e jour du mois sacr\u00e9 de Ramadhan, indique dimanche un communiqu\u00e9 du minist\u00e8re.<\/em><\/strong><\/p>\n\n\n\n<figure class=\"wp-block-image size-full\"><img loading=\"lazy\" decoding=\"async\" width=\"850\" height=\"480\" src=\"https:\/\/alger16.dz\/wp-content\/uploads\/2024\/03\/ministere-des-affaires-religieuse.jpg\" alt=\"\" class=\"wp-image-12541\" srcset=\"https:\/\/alger16.dz\/wp-content\/uploads\/2024\/03\/ministere-des-affaires-religieuse.jpg 850w, https:\/\/alger16.dz\/wp-content\/uploads\/2024\/03\/ministere-des-affaires-religieuse-300x169.jpg 300w, https:\/\/alger16.dz\/wp-content\/uploads\/2024\/03\/ministere-des-affaires-religieuse-768x434.jpg 768w\" sizes=\"auto, (max-width: 850px) 100vw, 850px\" \/><\/figure>\n\n\n\n<p>Apr\u00e8s avoir consult\u00e9 la Commission nationale de la Fatwa, le minist\u00e8re des Affaires religieuses et des Wakfs, \u00ab\u00a0appelle \u00e0 donner la Zakat El- Fitr dont la valeur a \u00e9t\u00e9 fix\u00e9e \u00e0 150 Da pour cette ann\u00e9e, soit un \u00ab\u00a0Sa\u00e2\u00a0\u00bb (une mesure de 2kg) de nourriture des Alg\u00e9riens\u00a0\u00bb, lit-on dans le communiqu\u00e9.<\/p>\n\n\n\n<p>Le minist\u00e8re a charg\u00e9 les imams des mosqu\u00e9es de proc\u00e9der, en collaboration avec les comit\u00e9s du fonds de la Zakat des mosqu\u00e9es \u00e0 travers l&rsquo;ensemble du territoire national, \u00e0 la collecte de Zakat El-Fitr \u00e0 compter du 15e jour du mois de Ramadhan en vue de sa redistribution aux n\u00e9cessiteux, un ou deux jours avant A\u00efd El-Fitr\u00a0\u00bb.<\/p>\n\n\n\n<p>\u00ab\u00a0Zakat El-Fitr est obligatoire pour tous les musulmans, aussi bien les nantis que les pauvres disposant d`un surplus de subsistance journali\u00e8re et qui doivent faire don de cette Zakat pour eux m\u00eame et pour les personnes \u00e0 leur charge\u00a0\u00bb, a rappel\u00e9 le minist\u00e8re.<\/p>\n","protected":false},"excerpt":{"rendered":"<p>La Zakat El-Fitr a \u00e9t\u00e9 fix\u00e9e cette ann\u00e9e \u00e0 150 Da par le minist\u00e8re des Affaires religieuses et des Wakfs qui appelle les imams \u00e0 proc\u00e9der \u00e0 sa collecte \u00e0 compter du 15e jour du mois sacr\u00e9 de Ramadhan, indique dimanche un communiqu\u00e9 du minist\u00e8re. Apr\u00e8s avoir consult\u00e9 la Commission [&hellip;]<\/p>\n","protected":false},"author":3,"featured_media":12541,"comment_status":"open","ping_status":"open","sticky":false,"template":"","format":"standard","meta":{"footnotes":""},"categories":[53],"tags":[],"class_list":["post-12540","post","type-post","status-publish","format-standard","has-post-thumbnail","hentry","category-societe"],"_links":{"self":[{"href":"https:\/\/alger16.dz\/index.php?rest_route=\/wp\/v2\/posts\/12540","targetHints":{"allow":["GET"]}}],"collection":[{"href":"https:\/\/alger16.dz\/index.php?rest_route=\/wp\/v2\/posts"}],"about":[{"href":"https:\/\/alger16.dz\/index.php?rest_route=\/wp\/v2\/types\/post"}],"author":[{"embeddable":true,"href":"https:\/\/alger16.dz\/index.php?rest_route=\/wp\/v2\/users\/3"}],"replies":[{"embeddable":true,"href":"https:\/\/alger16.dz\/index.php?rest_route=%2Fwp%2Fv2%2Fcomments&post=12540"}],"version-history":[{"count":1,"href":"https:\/\/alger16.dz\/index.php?rest_route=\/wp\/v2\/posts\/12540\/revisions"}],"predecessor-version":[{"id":12542,"href":"https:\/\/alger16.dz\/index.php?rest_route=\/wp\/v2\/posts\/12540\/revisions\/12542"}],"wp:featuredmedia":[{"embeddable":true,"href":"https:\/\/alger16.dz\/index.php?rest_route=\/wp\/v2\/media\/12541"}],"wp:attachment":[{"href":"https:\/\/alger16.dz\/index.php?rest_route=%2Fwp%2Fv2%2Fmedia&parent=12540"}],"wp:term":[{"taxonomy":"category","embeddable":true,"href":"https:\/\/alger16.dz\/index.php?rest_route=%2Fwp%2Fv2%2Fcategories&post=12540"},{"taxonomy":"post_tag","embeddable":true,"href":"https:\/\/alger16.dz\/index.php?rest_route=%2Fwp%2Fv2%2Ftags&post=12540"}],"curies":[{"name":"wp","href":"https:\/\/api.w.org\/{rel}","templated":true}]}}