{"id":1355,"date":"2023-08-30T12:16:51","date_gmt":"2023-08-30T12:16:51","guid":{"rendered":"https:\/\/alger16.dz\/?p=1355"},"modified":"2023-08-30T12:16:56","modified_gmt":"2023-08-30T12:16:56","slug":"football-huit-mois-apres-manuel-neuer-reprend-les-entrainements-avec-le-bayern-munich","status":"publish","type":"post","link":"https:\/\/alger16.dz\/?p=1355","title":{"rendered":"Football : Huit mois apr\u00e8s, Manuel Neuer reprend les entra\u00eenements avec le Bayern Munich"},"content":{"rendered":"\n<p>Par A.\u2008Amine<\/p>\n\n\n\n<p><strong><em>Le gardien du Bayern Munich, Manuel Neuer, qui avait \u00e9t\u00e9 \u00e9cart\u00e9 des terrains depuis sa fracture en d\u00e9cembre, est de retour pour un entra\u00eenement collectif, a annonc\u00e9 le club bavarois. Le club a publi\u00e9 un communiqu\u00e9 sur son site internet affirmant que \u00ab\u00a0Manuel Neuer est de retour sur le terrain avec le groupe des gardiens du FC Bayern\u00a0\u00bb.<\/em><\/strong><\/p>\n\n\n\n<figure class=\"wp-block-image size-full is-resized\"><img loading=\"lazy\" decoding=\"async\" src=\"https:\/\/alger16.dz\/wp-content\/uploads\/2023\/08\/nueur.jpg\" alt=\"\" class=\"wp-image-1356\" style=\"width:843px;height:575px\" width=\"843\" height=\"575\" srcset=\"https:\/\/alger16.dz\/wp-content\/uploads\/2023\/08\/nueur.jpg 768w, https:\/\/alger16.dz\/wp-content\/uploads\/2023\/08\/nueur-300x205.jpg 300w\" sizes=\"auto, (max-width: 843px) 100vw, 843px\" \/><\/figure>\n\n\n\n<p>Le capitaine \u00e2g\u00e9 de 37 ans a particip\u00e9 pour la premi\u00e8re fois \u00e0 une s\u00e9ance d&rsquo;entra\u00eenement avec ses confr\u00e8res gardiens depuis sa blessure \u00e0 la jambe droite qui s&rsquo;\u00e9tait produite lors de l&rsquo;entra\u00eenement le lundi pr\u00e9c\u00e9dent, rassemblant les joueurs qui n&rsquo;avaient pas jou\u00e9 en championnat la veille contre le FC Augsburg, comme indiqu\u00e9 dans le communiqu\u00e9. La saison 2022-2023 de Neuer avait \u00e9t\u00e9 interrompue en d\u00e9cembre en raison d&rsquo;une fracture \u00e0 la partie inf\u00e9rieure de sa jambe droite, survenue lors de ses vacances de ski.<br>Le gardien embl\u00e9matique du club et de l&rsquo;\u00e9quipe nationale allemande, la Mannschaft, a franchi une nouvelle \u00e9tape vers son retour, selon le Bayern Munich, bien que la date exacte de son retour \u00e0 la comp\u00e9tition reste incertaine. En l&rsquo;absence de Neuer et apr\u00e8s le d\u00e9part de son rempla\u00e7ant Jan Sommer pendant la saison morte, le Bayern a recrut\u00e9 \u00e0 la fin ao\u00fbt le gardien isra\u00e9lien Daniel Peretz, \u00e2g\u00e9 de 23 ans, pour \u00e9pauler Sven Ulreich, qui est rest\u00e9 le num\u00e9ro 2 au Bayern depuis 2015. Daniel Peretz avait d\u00e9clar\u00e9 fin ao\u00fbt devant la presse : \u00ab\u00a0Je veux \u00e9videmment jouer et je m&rsquo;entra\u00eenerai au mieux pour montrer \u00e0 l&rsquo;entra\u00eeneur ce dont je suis capable.\u00a0\u00bb<br><\/p>\n","protected":false},"excerpt":{"rendered":"<p>Par A.\u2008Amine Le gardien du Bayern Munich, Manuel Neuer, qui avait \u00e9t\u00e9 \u00e9cart\u00e9 des terrains depuis sa fracture en d\u00e9cembre, est de retour pour un entra\u00eenement collectif, a annonc\u00e9 le club bavarois. Le club a publi\u00e9 un communiqu\u00e9 sur son site internet affirmant que \u00ab\u00a0Manuel Neuer est de retour sur [&hellip;]<\/p>\n","protected":false},"author":3,"featured_media":1356,"comment_status":"open","ping_status":"open","sticky":false,"template":"","format":"standard","meta":{"footnotes":""},"categories":[61],"tags":[],"class_list":["post-1355","post","type-post","status-publish","format-standard","has-post-thumbnail","hentry","category-sport"],"_links":{"self":[{"href":"https:\/\/alger16.dz\/index.php?rest_route=\/wp\/v2\/posts\/1355","targetHints":{"allow":["GET"]}}],"collection":[{"href":"https:\/\/alger16.dz\/index.php?rest_route=\/wp\/v2\/posts"}],"about":[{"href":"https:\/\/alger16.dz\/index.php?rest_route=\/wp\/v2\/types\/post"}],"author":[{"embeddable":true,"href":"https:\/\/alger16.dz\/index.php?rest_route=\/wp\/v2\/users\/3"}],"replies":[{"embeddable":true,"href":"https:\/\/alger16.dz\/index.php?rest_route=%2Fwp%2Fv2%2Fcomments&post=1355"}],"version-history":[{"count":1,"href":"https:\/\/alger16.dz\/index.php?rest_route=\/wp\/v2\/posts\/1355\/revisions"}],"predecessor-version":[{"id":1357,"href":"https:\/\/alger16.dz\/index.php?rest_route=\/wp\/v2\/posts\/1355\/revisions\/1357"}],"wp:featuredmedia":[{"embeddable":true,"href":"https:\/\/alger16.dz\/index.php?rest_route=\/wp\/v2\/media\/1356"}],"wp:attachment":[{"href":"https:\/\/alger16.dz\/index.php?rest_route=%2Fwp%2Fv2%2Fmedia&parent=1355"}],"wp:term":[{"taxonomy":"category","embeddable":true,"href":"https:\/\/alger16.dz\/index.php?rest_route=%2Fwp%2Fv2%2Fcategories&post=1355"},{"taxonomy":"post_tag","embeddable":true,"href":"https:\/\/alger16.dz\/index.php?rest_route=%2Fwp%2Fv2%2Ftags&post=1355"}],"curies":[{"name":"wp","href":"https:\/\/api.w.org\/{rel}","templated":true}]}}