{"id":13564,"date":"2024-04-17T11:24:16","date_gmt":"2024-04-17T11:24:16","guid":{"rendered":"https:\/\/alger16.dz\/?p=13564"},"modified":"2024-04-17T11:24:18","modified_gmt":"2024-04-17T11:24:18","slug":"organisatrice-de-liatf-en-2025-lalgerie-locomotive-du-developpement-en-afrique","status":"publish","type":"post","link":"https:\/\/alger16.dz\/?p=13564","title":{"rendered":"organisatrice de l&rsquo;IATF en 2025 L\u2019Alg\u00e9rie, locomotive du d\u00e9veloppement en Afrique"},"content":{"rendered":"\n<p>Par Ammour Ryad <\/p>\n\n\n\n<p><strong><em>Le ministre du Commerce et de la Promotion des exportations, Tayeb Zitouni, a d\u00e9clar\u00e9 lundi dernier \u00e0 Alger que l&rsquo;organisation par l&rsquo;Alg\u00e9rie de la 4e \u00e9dition de la Foire commerciale intra-africaine (IATF) confirme son leadership dans le d\u00e9veloppement du continent et son engagement en faveur de la paix, de la s\u00e9curit\u00e9 et de la stabilit\u00e9 gr\u00e2ce \u00e0 l&rsquo;int\u00e9gration \u00e9conomique.<\/em><\/strong><\/p>\n\n\n\n<figure class=\"wp-block-image size-full\"><img loading=\"lazy\" decoding=\"async\" width=\"1000\" height=\"450\" src=\"https:\/\/alger16.dz\/wp-content\/uploads\/2024\/04\/IATF.jpg\" alt=\"\" class=\"wp-image-13565\" srcset=\"https:\/\/alger16.dz\/wp-content\/uploads\/2024\/04\/IATF.jpg 1000w, https:\/\/alger16.dz\/wp-content\/uploads\/2024\/04\/IATF-300x135.jpg 300w, https:\/\/alger16.dz\/wp-content\/uploads\/2024\/04\/IATF-768x346.jpg 768w\" sizes=\"auto, (max-width: 1000px) 100vw, 1000px\" \/><\/figure>\n\n\n\n<p>Lors d&rsquo;une conf\u00e9rence de presse tenue avec l&rsquo;ancien pr\u00e9sident nig\u00e9rian et pr\u00e9sident du Conseil consultatif de l&rsquo;IATF, Olusegun Obasanjo, apr\u00e8s la signature de la convention pour l&rsquo;organisation de l&rsquo;IATF par l&rsquo;Alg\u00e9rie, M. Zitouni a expliqu\u00e9 que l&rsquo;attribution de la 4e \u00e9dition de cette manifestation \u00e9conomique en septembre 2025 \u00e0 l&rsquo;Alg\u00e9rie d\u00e9coule principalement de son importance sur le plan \u00e9conomique et des positions exprim\u00e9es par le pr\u00e9sident Tebboune. Ces positions illustrent l&rsquo;engagement de l&rsquo;Alg\u00e9rie en tant que pays pacifique qui soutient les initiatives favorisant la stabilit\u00e9 \u00e9conomique et commerciale.<br>Le ministre a ajout\u00e9 que la Foire \u00ab\u00a0sera un rendez-vous politique, historique, culturel et \u00e9conomique par excellence\u00a0\u00bb, indiquant que \u00ab\u00a0l&rsquo;Alg\u00e9rie, jadis Mecque des r\u00e9volutionnaires gr\u00e2ce \u00e0 sa contribution \u00e0 la lib\u00e9ration de nombreux pays du continent, a mobilis\u00e9, des d\u00e9cennies durant, ses ressources financi\u00e8res pour accompagner, soutenir et aider de nombreux pays africains dans diff\u00e9rents domaines\u00a0\u00bb. Il a \u00e9galement mis en avant l&rsquo;engagement \u00e0 long terme de l&rsquo;Alg\u00e9rie envers le continent africain, fond\u00e9 sur la conviction en une destin\u00e9e commune. Il a soulign\u00e9 que l&rsquo;Alg\u00e9rie avait \u00e9labor\u00e9 un programme ax\u00e9 sur l&rsquo;Afrique, avec des initiatives telles que le d\u00e9veloppement des infrastructures et l&rsquo;expansion des \u00e9changes \u00e9conomiques et commerciaux. Cela comprend l&rsquo;ouverture de banques alg\u00e9riennes et l&rsquo;organisation de foires de la production nationale dans plusieurs pays africains.<br>Dans ce cadre, il a rappel\u00e9 la valeur des exportations de l&rsquo;Alg\u00e9rie vers le continent africain, laquelle s&rsquo;\u00e9l\u00e8ve \u00e0 2,7 milliards de dollars, dont 650 millions de dollars d&rsquo;exportations hors hydrocarbures.<br>M. Zitouni s&rsquo;est exprim\u00e9 avec confiance quant \u00e0 la qualit\u00e9 de la prochaine \u00e9dition du salon pr\u00e9vu \u00e0 Alger du 4 au 10 septembre 2025, affirmant qu&rsquo;elle surpassera les \u00e9ditions pr\u00e9c\u00e9dentes. Il a mis en avant les atouts, les infrastructures et les services disponibles, notamment dans les h\u00f4tels et les vastes espaces d&rsquo;exposition. Il a ajout\u00e9 que le Palais des expositions (Pins Maritimes-Alger) offrira des surfaces d&rsquo;exposition d&rsquo;au moins 100 000 m\u00e8tres carr\u00e9s gr\u00e2ce \u00e0 un projet d&rsquo;extension en cours, dont l&rsquo;ach\u00e8vement est pr\u00e9vu \u00ab\u00a0d&rsquo;ici la fin du premier semestre de l&rsquo;ann\u00e9e prochaine\u00a0\u00bb.<br>M. Obasanjo a mis en avant l&rsquo;importance de ces \u00e9v\u00e9nements \u00e9conomiques pour stimuler les \u00e9changes commerciaux entre les pays africains, appelant \u00e0 une acc\u00e9l\u00e9ration de l&rsquo;int\u00e9gration du continent dans les cha\u00eenes de valeur \u00e9conomiques mondiales actuelles.<br>Il a \u00e9galement mis en avant l&rsquo;importance de tirer parti de la Zone de libre-\u00e9change continentale africaine (Zlecaf) pour accro\u00eetre le volume des \u00e9changes intra-africains. Ces \u00e9changes ont diminu\u00e9 de 20 \u00e0 14% du commerce total du continent avec le reste du monde au cours des deux derni\u00e8res ann\u00e9es, en raison des impacts de la crise sanitaire mondiale. <\/p>\n","protected":false},"excerpt":{"rendered":"<p>Par Ammour Ryad Le ministre du Commerce et de la Promotion des exportations, Tayeb Zitouni, a d\u00e9clar\u00e9 lundi dernier \u00e0 Alger que l&rsquo;organisation par l&rsquo;Alg\u00e9rie de la 4e \u00e9dition de la Foire commerciale intra-africaine (IATF) confirme son leadership dans le d\u00e9veloppement du continent et son engagement en faveur de la [&hellip;]<\/p>\n","protected":false},"author":3,"featured_media":13565,"comment_status":"open","ping_status":"open","sticky":false,"template":"","format":"standard","meta":{"footnotes":""},"categories":[63],"tags":[],"class_list":["post-13564","post","type-post","status-publish","format-standard","has-post-thumbnail","hentry","category-economie"],"_links":{"self":[{"href":"https:\/\/alger16.dz\/index.php?rest_route=\/wp\/v2\/posts\/13564","targetHints":{"allow":["GET"]}}],"collection":[{"href":"https:\/\/alger16.dz\/index.php?rest_route=\/wp\/v2\/posts"}],"about":[{"href":"https:\/\/alger16.dz\/index.php?rest_route=\/wp\/v2\/types\/post"}],"author":[{"embeddable":true,"href":"https:\/\/alger16.dz\/index.php?rest_route=\/wp\/v2\/users\/3"}],"replies":[{"embeddable":true,"href":"https:\/\/alger16.dz\/index.php?rest_route=%2Fwp%2Fv2%2Fcomments&post=13564"}],"version-history":[{"count":1,"href":"https:\/\/alger16.dz\/index.php?rest_route=\/wp\/v2\/posts\/13564\/revisions"}],"predecessor-version":[{"id":13566,"href":"https:\/\/alger16.dz\/index.php?rest_route=\/wp\/v2\/posts\/13564\/revisions\/13566"}],"wp:featuredmedia":[{"embeddable":true,"href":"https:\/\/alger16.dz\/index.php?rest_route=\/wp\/v2\/media\/13565"}],"wp:attachment":[{"href":"https:\/\/alger16.dz\/index.php?rest_route=%2Fwp%2Fv2%2Fmedia&parent=13564"}],"wp:term":[{"taxonomy":"category","embeddable":true,"href":"https:\/\/alger16.dz\/index.php?rest_route=%2Fwp%2Fv2%2Fcategories&post=13564"},{"taxonomy":"post_tag","embeddable":true,"href":"https:\/\/alger16.dz\/index.php?rest_route=%2Fwp%2Fv2%2Ftags&post=13564"}],"curies":[{"name":"wp","href":"https:\/\/api.w.org\/{rel}","templated":true}]}}