{"id":13861,"date":"2024-04-22T13:05:22","date_gmt":"2024-04-22T13:05:22","guid":{"rendered":"https:\/\/alger16.dz\/?p=13861"},"modified":"2024-04-22T13:05:23","modified_gmt":"2024-04-22T13:05:23","slug":"reunion-consultative-algerie-tunisie-libye-arrivee-du-president-de-la-republique-a-tunis","status":"publish","type":"post","link":"https:\/\/alger16.dz\/?p=13861","title":{"rendered":"R\u00e9union consultative Alg\u00e9rie-Tunisie-Libye: arriv\u00e9e du pr\u00e9sident de la R\u00e9publique \u00e0 Tunis"},"content":{"rendered":"\n<p><strong>Le pr\u00e9sident de la R\u00e9publique, M. Abdelmadjid Tebboune, est arriv\u00e9, lundi, \u00e0 Tunis pour prendre part \u00e0 la premi\u00e8re R\u00e9union consultative regroupant les dirigeants de l&rsquo;Alg\u00e9rie, de la Tunisie et de la Libye.<\/strong><\/p>\n\n\n\n<figure class=\"wp-block-image size-full\"><img loading=\"lazy\" decoding=\"async\" width=\"580\" height=\"350\" src=\"https:\/\/alger16.dz\/wp-content\/uploads\/2024\/04\/actu.jpg\" alt=\"\" class=\"wp-image-13862\" srcset=\"https:\/\/alger16.dz\/wp-content\/uploads\/2024\/04\/actu.jpg 580w, https:\/\/alger16.dz\/wp-content\/uploads\/2024\/04\/actu-300x181.jpg 300w\" sizes=\"auto, (max-width: 580px) 100vw, 580px\" \/><\/figure>\n\n\n\n<p>La visite du pr\u00e9sident de la R\u00e9publique intervient \u00e0 l&rsquo;invitation de son fr\u00e8re le pr\u00e9sident de la R\u00e9publique tunisienne, pays fr\u00e8re, M. Ka\u00efs Sa\u00efed, qui l&rsquo;a accueilli \u00e0 l&rsquo;A\u00e9roport international de Carthage.<\/p>\n\n\n\n<blockquote class=\"wp-block-quote is-layout-flow wp-block-quote-is-layout-flow\">\n<p><em><strong>Durant la c\u00e9r\u00e9monie d&rsquo;accueil, les deux pr\u00e9sidents ont \u00e9cout\u00e9 les hymnes nationaux des deux pays avant de passer en revue un d\u00e9tachement de la Garde d&rsquo;honneur tunisienne, qui leur a rendu les honneurs.<\/strong><\/em><\/p>\n<\/blockquote>\n\n\n\n<p>Les deux pr\u00e9sidents ont ensuite salu\u00e9 les membres des d\u00e9l\u00e9gations des deux pays.<\/p>\n","protected":false},"excerpt":{"rendered":"<p>Le pr\u00e9sident de la R\u00e9publique, M. Abdelmadjid Tebboune, est arriv\u00e9, lundi, \u00e0 Tunis pour prendre part \u00e0 la premi\u00e8re R\u00e9union consultative regroupant les dirigeants de l&rsquo;Alg\u00e9rie, de la Tunisie et de la Libye. La visite du pr\u00e9sident de la R\u00e9publique intervient \u00e0 l&rsquo;invitation de son fr\u00e8re le pr\u00e9sident de la [&hellip;]<\/p>\n","protected":false},"author":3,"featured_media":13862,"comment_status":"open","ping_status":"open","sticky":false,"template":"","format":"standard","meta":{"footnotes":""},"categories":[36,62],"tags":[],"class_list":["post-13861","post","type-post","status-publish","format-standard","has-post-thumbnail","hentry","category-actualites","category-le-savez-vous"],"_links":{"self":[{"href":"https:\/\/alger16.dz\/index.php?rest_route=\/wp\/v2\/posts\/13861","targetHints":{"allow":["GET"]}}],"collection":[{"href":"https:\/\/alger16.dz\/index.php?rest_route=\/wp\/v2\/posts"}],"about":[{"href":"https:\/\/alger16.dz\/index.php?rest_route=\/wp\/v2\/types\/post"}],"author":[{"embeddable":true,"href":"https:\/\/alger16.dz\/index.php?rest_route=\/wp\/v2\/users\/3"}],"replies":[{"embeddable":true,"href":"https:\/\/alger16.dz\/index.php?rest_route=%2Fwp%2Fv2%2Fcomments&post=13861"}],"version-history":[{"count":1,"href":"https:\/\/alger16.dz\/index.php?rest_route=\/wp\/v2\/posts\/13861\/revisions"}],"predecessor-version":[{"id":13863,"href":"https:\/\/alger16.dz\/index.php?rest_route=\/wp\/v2\/posts\/13861\/revisions\/13863"}],"wp:featuredmedia":[{"embeddable":true,"href":"https:\/\/alger16.dz\/index.php?rest_route=\/wp\/v2\/media\/13862"}],"wp:attachment":[{"href":"https:\/\/alger16.dz\/index.php?rest_route=%2Fwp%2Fv2%2Fmedia&parent=13861"}],"wp:term":[{"taxonomy":"category","embeddable":true,"href":"https:\/\/alger16.dz\/index.php?rest_route=%2Fwp%2Fv2%2Fcategories&post=13861"},{"taxonomy":"post_tag","embeddable":true,"href":"https:\/\/alger16.dz\/index.php?rest_route=%2Fwp%2Fv2%2Ftags&post=13861"}],"curies":[{"name":"wp","href":"https:\/\/api.w.org\/{rel}","templated":true}]}}