{"id":14309,"date":"2024-04-29T14:43:03","date_gmt":"2024-04-29T14:43:03","guid":{"rendered":"https:\/\/alger16.dz\/?p=14309"},"modified":"2024-04-29T14:43:05","modified_gmt":"2024-04-29T14:43:05","slug":"agriculture-cherfa-recoit-le-directeur-executif-du-conseil-international-des-cereales","status":"publish","type":"post","link":"https:\/\/alger16.dz\/?p=14309","title":{"rendered":"Agriculture: Cherfa re\u00e7oit le directeur ex\u00e9cutif du Conseil international des c\u00e9r\u00e9ales"},"content":{"rendered":"\n<p><strong>Le ministre de l&rsquo;Agriculture et du D\u00e9veloppement rural, Youcef Cherfa, a re\u00e7u lundi \u00e0 Alger, le directeur ex\u00e9cutif du Conseil international des c\u00e9r\u00e9ales (CIC), Arnaud Petit, avec lequel il a \u00e9voqu\u00e9 les pr\u00e9paratifs de la tenue du Forum mondial du CIC, pr\u00e9vu en juin prochain, l&rsquo;Alg\u00e9rie devant assurer la pr\u00e9sidence tournante pour une ann\u00e9e.<\/strong><\/p>\n\n\n\n<figure class=\"wp-block-image size-full\"><img loading=\"lazy\" decoding=\"async\" width=\"580\" height=\"350\" src=\"https:\/\/alger16.dz\/wp-content\/uploads\/2024\/04\/eq-20.jpg\" alt=\"\" class=\"wp-image-14311\" srcset=\"https:\/\/alger16.dz\/wp-content\/uploads\/2024\/04\/eq-20.jpg 580w, https:\/\/alger16.dz\/wp-content\/uploads\/2024\/04\/eq-20-300x181.jpg 300w\" sizes=\"auto, (max-width: 580px) 100vw, 580px\" \/><\/figure>\n\n\n\n<p>Cette rencontre s&rsquo;est d\u00e9roul\u00e9e en pr\u00e9sence du Vice-pr\u00e9sident du CIC, M. Oussama Salhi et du Directeur g\u00e9n\u00e9ral de l&rsquo;Office alg\u00e9rien interprofessionnel des c\u00e9r\u00e9ales (OAIC), M. Nasreddine Messaoudi, indique un communiqu\u00e9 du minist\u00e8re.<\/p>\n\n\n\n<p>Plusieurs questions en rapport avec le march\u00e9 international des c\u00e9r\u00e9ales ont \u00e9t\u00e9 examin\u00e9es lors de cette rencontre qui a \u00e9galement abord\u00e9 le r\u00f4le de l&rsquo;Alg\u00e9rie au sein de ce Conseil, partant de son exp\u00e9rience dans ce domaine, et ce dans le but de renforcer la transparence des \u00e9changes commerciaux et du transport maritime des produits c\u00e9r\u00e9aliers\u00a0\u00bb, ajoute la m\u00eame source.<\/p>\n\n\n\n<p>A cette occasion, le ministre a pr\u00e9sent\u00e9 les grandes lignes de la strat\u00e9gie de l&rsquo;Alg\u00e9rie pour le renforcement de la s\u00e9curit\u00e9 alimentaire, ax\u00e9e sur le d\u00e9veloppement des cultures strat\u00e9giques et la r\u00e9alisation de l&rsquo;autosuffisance en certains produits de large consommation, notamment les c\u00e9r\u00e9ales, les l\u00e9gumineuses, le lait, la viande, les huiles et le sucre, conclut le communiqu\u00e9.<\/p>\n","protected":false},"excerpt":{"rendered":"<p>Le ministre de l&rsquo;Agriculture et du D\u00e9veloppement rural, Youcef Cherfa, a re\u00e7u lundi \u00e0 Alger, le directeur ex\u00e9cutif du Conseil international des c\u00e9r\u00e9ales (CIC), Arnaud Petit, avec lequel il a \u00e9voqu\u00e9 les pr\u00e9paratifs de la tenue du Forum mondial du CIC, pr\u00e9vu en juin prochain, l&rsquo;Alg\u00e9rie devant assurer la pr\u00e9sidence [&hellip;]<\/p>\n","protected":false},"author":3,"featured_media":14311,"comment_status":"open","ping_status":"open","sticky":false,"template":"","format":"standard","meta":{"footnotes":""},"categories":[63,62],"tags":[],"class_list":["post-14309","post","type-post","status-publish","format-standard","has-post-thumbnail","hentry","category-economie","category-le-savez-vous"],"_links":{"self":[{"href":"https:\/\/alger16.dz\/index.php?rest_route=\/wp\/v2\/posts\/14309","targetHints":{"allow":["GET"]}}],"collection":[{"href":"https:\/\/alger16.dz\/index.php?rest_route=\/wp\/v2\/posts"}],"about":[{"href":"https:\/\/alger16.dz\/index.php?rest_route=\/wp\/v2\/types\/post"}],"author":[{"embeddable":true,"href":"https:\/\/alger16.dz\/index.php?rest_route=\/wp\/v2\/users\/3"}],"replies":[{"embeddable":true,"href":"https:\/\/alger16.dz\/index.php?rest_route=%2Fwp%2Fv2%2Fcomments&post=14309"}],"version-history":[{"count":1,"href":"https:\/\/alger16.dz\/index.php?rest_route=\/wp\/v2\/posts\/14309\/revisions"}],"predecessor-version":[{"id":14312,"href":"https:\/\/alger16.dz\/index.php?rest_route=\/wp\/v2\/posts\/14309\/revisions\/14312"}],"wp:featuredmedia":[{"embeddable":true,"href":"https:\/\/alger16.dz\/index.php?rest_route=\/wp\/v2\/media\/14311"}],"wp:attachment":[{"href":"https:\/\/alger16.dz\/index.php?rest_route=%2Fwp%2Fv2%2Fmedia&parent=14309"}],"wp:term":[{"taxonomy":"category","embeddable":true,"href":"https:\/\/alger16.dz\/index.php?rest_route=%2Fwp%2Fv2%2Fcategories&post=14309"},{"taxonomy":"post_tag","embeddable":true,"href":"https:\/\/alger16.dz\/index.php?rest_route=%2Fwp%2Fv2%2Ftags&post=14309"}],"curies":[{"name":"wp","href":"https:\/\/api.w.org\/{rel}","templated":true}]}}