{"id":14323,"date":"2024-04-29T15:04:43","date_gmt":"2024-04-29T15:04:43","guid":{"rendered":"https:\/\/alger16.dz\/?p=14323"},"modified":"2024-04-29T15:04:45","modified_gmt":"2024-04-29T15:04:45","slug":"le-role-majeur-de-lida-dans-la-satisfaction-des-besoins-de-financement-des-pays-africains-souligne","status":"publish","type":"post","link":"https:\/\/alger16.dz\/?p=14323","title":{"rendered":"Le r\u00f4le majeur de l&rsquo;IDA dans la satisfaction des besoins de financement des pays africains soulign\u00e9"},"content":{"rendered":"\n<p><strong><em>Le pr\u00e9sident de la R\u00e9publique, M. Abdelmadjid Tebboune, a soulign\u00e9, lundi, le r\u00f4le majeur de l&rsquo;Association internationale de d\u00e9veloppement (IDA) dans la satisfaction des besoins de financement croissants des pays africains \u00e0 faible revenu, via le m\u00e9canisme des pr\u00eats \u00e0 taux r\u00e9duits et des subventions visant \u00e0 all\u00e9ger la charge de la dette.<\/em><\/strong><\/p>\n\n\n\n<p><\/p>\n\n\n\n<p>Dans une allocution prononc\u00e9e en son nom par le Premier ministre, M. Nadir Larbaoui, lors des travaux du Sommet pour la reconstitution des ressources de l&rsquo;Association internationale de d\u00e9veloppement (IDA21) pour l&rsquo;Afrique, qui se tient \u00e0 Nairobi (Kenya), le pr\u00e9sident de la R\u00e9publique a \u00e9galement insist\u00e9 sur la n\u00e9cessit\u00e9 de soutenir les pays les plus vuln\u00e9rables dans leurs efforts visant \u00e0 stimuler la croissance \u00e9conomique et \u00e0 relever les d\u00e9fis impos\u00e9s par le contexte international actuel, notamment la hausse de la dette et des taux d&rsquo;int\u00e9r\u00eat et la raret\u00e9 des ressources.<\/p>\n\n\n\n<p>Le pr\u00e9sident de la R\u00e9publique a, dans ce contexte, mis l&rsquo;accent sur la n\u00e9cessit\u00e9 imp\u00e9rieuse pour la communaut\u00e9 internationale de se mobiliser pour contribuer \u00e0 relever ces d\u00e9fis complexes et traiter les causes profondes qui alimentent les conflits et l&rsquo;instabilit\u00e9, notamment la pauvret\u00e9, la marginalisation et les in\u00e9galit\u00e9s, rappelant qu&rsquo;il ne saurait y avoir de paix et de s\u00e9curit\u00e9 sans la r\u00e9alisation d&rsquo;un d\u00e9veloppement socio\u00e9conomique durable.<\/p>\n","protected":false},"excerpt":{"rendered":"<p>Le pr\u00e9sident de la R\u00e9publique, M. Abdelmadjid Tebboune, a soulign\u00e9, lundi, le r\u00f4le majeur de l&rsquo;Association internationale de d\u00e9veloppement (IDA) dans la satisfaction des besoins de financement croissants des pays africains \u00e0 faible revenu, via le m\u00e9canisme des pr\u00eats \u00e0 taux r\u00e9duits et des subventions visant \u00e0 all\u00e9ger la charge [&hellip;]<\/p>\n","protected":false},"author":3,"featured_media":14281,"comment_status":"open","ping_status":"open","sticky":false,"template":"","format":"standard","meta":{"footnotes":""},"categories":[36],"tags":[],"class_list":["post-14323","post","type-post","status-publish","format-standard","has-post-thumbnail","hentry","category-actualites"],"_links":{"self":[{"href":"https:\/\/alger16.dz\/index.php?rest_route=\/wp\/v2\/posts\/14323","targetHints":{"allow":["GET"]}}],"collection":[{"href":"https:\/\/alger16.dz\/index.php?rest_route=\/wp\/v2\/posts"}],"about":[{"href":"https:\/\/alger16.dz\/index.php?rest_route=\/wp\/v2\/types\/post"}],"author":[{"embeddable":true,"href":"https:\/\/alger16.dz\/index.php?rest_route=\/wp\/v2\/users\/3"}],"replies":[{"embeddable":true,"href":"https:\/\/alger16.dz\/index.php?rest_route=%2Fwp%2Fv2%2Fcomments&post=14323"}],"version-history":[{"count":1,"href":"https:\/\/alger16.dz\/index.php?rest_route=\/wp\/v2\/posts\/14323\/revisions"}],"predecessor-version":[{"id":14324,"href":"https:\/\/alger16.dz\/index.php?rest_route=\/wp\/v2\/posts\/14323\/revisions\/14324"}],"wp:featuredmedia":[{"embeddable":true,"href":"https:\/\/alger16.dz\/index.php?rest_route=\/wp\/v2\/media\/14281"}],"wp:attachment":[{"href":"https:\/\/alger16.dz\/index.php?rest_route=%2Fwp%2Fv2%2Fmedia&parent=14323"}],"wp:term":[{"taxonomy":"category","embeddable":true,"href":"https:\/\/alger16.dz\/index.php?rest_route=%2Fwp%2Fv2%2Fcategories&post=14323"},{"taxonomy":"post_tag","embeddable":true,"href":"https:\/\/alger16.dz\/index.php?rest_route=%2Fwp%2Fv2%2Ftags&post=14323"}],"curies":[{"name":"wp","href":"https:\/\/api.w.org\/{rel}","templated":true}]}}