{"id":14638,"date":"2024-05-06T11:49:04","date_gmt":"2024-05-06T11:49:04","guid":{"rendered":"https:\/\/alger16.dz\/?p=14638"},"modified":"2024-05-06T11:49:06","modified_gmt":"2024-05-06T11:49:06","slug":"amar-takdjout-secretaire-general-de-lugta-le-president-tebboune-a-realise-des-acquis-socioeconomiques-importants","status":"publish","type":"post","link":"https:\/\/alger16.dz\/?p=14638","title":{"rendered":"Amar Takdjout, Secr\u00e9taire g\u00e9n\u00e9ral de l\u2019UGTA\u201c:    Le Pr\u00e9sident tebboune a r\u00e9alis\u00e9 des acquis socio\u00e9conomiques importants\u201d"},"content":{"rendered":"\n<p><strong><em>Par G. Salah Eddine<\/em><\/strong><\/p>\n\n\n\n<p><strong>Le secr\u00e9taire g\u00e9n\u00e9ral de l&rsquo;Union g\u00e9n\u00e9rale des travailleurs alg\u00e9riens (UGTA), Amar Takdjout,<br>a lou\u00e9 les r\u00e9alisations \u00e9conomiques et sociales accomplies par l&rsquo;Alg\u00e9rie ces derni\u00e8res ann\u00e9es, sous<br>la direction du pr\u00e9sident de la R\u00e9publique, Abdelmadjid Tebboune.<\/strong><\/p>\n\n\n\n<figure class=\"wp-block-image size-large\"><img loading=\"lazy\" decoding=\"async\" width=\"768\" height=\"1024\" src=\"https:\/\/alger16.dz\/wp-content\/uploads\/2024\/05\/ac-13-768x1024.jpg\" alt=\"\" class=\"wp-image-14639\" srcset=\"https:\/\/alger16.dz\/wp-content\/uploads\/2024\/05\/ac-13-768x1024.jpg 768w, https:\/\/alger16.dz\/wp-content\/uploads\/2024\/05\/ac-13-225x300.jpg 225w, https:\/\/alger16.dz\/wp-content\/uploads\/2024\/05\/ac-13-1152x1536.jpg 1152w, https:\/\/alger16.dz\/wp-content\/uploads\/2024\/05\/ac-13-1536x2048.jpg 1536w, https:\/\/alger16.dz\/wp-content\/uploads\/2024\/05\/ac-13-scaled.jpg 1920w\" sizes=\"auto, (max-width: 768px) 100vw, 768px\" \/><\/figure>\n\n\n\n<p>Dans une d\u00e9claration \u00e0 la presse, M. Takdjout a pr\u00e9cis\u00e9 que \u201cces r\u00e9alisations et acquis sont sans pr\u00e9c\u00e9dent dans l&rsquo;histoire du pays\u201d, et cela compte tenu des difficult\u00e9s rencontr\u00e9es depuis la fin de 2019 et des r\u00e9percussions de la pand\u00e9mie de Covid-19 sur l\u2019\u00e9conomie mondial.<br>Le secr\u00e9taire g\u00e9n\u00e9ral de la Centrale syndicale a \u00e9galement lou\u00e9 le discours \u201chistorique\u201d prononc\u00e9 par le pr\u00e9sident de la R\u00e9publique \u00e0 l&rsquo;occasion de la Journ\u00e9e internationale des travailleurs, un discours qui \u201cexprime la sinc\u00e9rit\u00e9 de la d\u00e9marche du pr\u00e9sident de la R\u00e9publique\u201d. Il a affirm\u00e9 que les donn\u00e9es et les statistiques disponibles t\u00e9moignent \u00ab\u00a0d&rsquo;un bilan positif dans de nombreux domaines, notamment socio\u00e9conomique\u00a0\u00bb, mettant en exergue le r\u00f4le central des travailleurs et des entreprises dans ces succ\u00e8s, \u201csalu\u00e9s tant au niveau national qu&rsquo;international\u201d.<br>M. Takdjout a mis en avant les avanc\u00e9es socio\u00e9conomiques majeures r\u00e9alis\u00e9es sous la pr\u00e9sidence de M. Tebboune, notamment \u201cles augmentations de salaires, la revalorisation du salaire national minimum garanti (SNMG), l&rsquo;instauration de l&rsquo;allocation ch\u00f4mage, ainsi que d&rsquo;autres mesures telles que la prolongation des p\u00e9riodes de repos pour les f\u00eates de l&rsquo;A\u00efd El-Fitr et l&rsquo;A\u00efd El-Adha, le soutien aux entreprises, la r\u00e9duction de la facture des importations et l&rsquo;augmentation des exportations hors hydrocarbures \u00e0 7\u2008milliards de dollars\u201d.<br>Le syndicaliste a assur\u00e9 que ces r\u00e9alisations sont le fruit des d\u00e9cisions et des lois pr\u00e9sidentielles et n\u2019ont \u201cjamais \u00e9t\u00e9 des revendications syndicales mais sont intervenues soit en concr\u00e9tisation de ses engagements \u00e9lectoraux pris devant le peuple, ou suite \u00e0 des initiatives qu&rsquo;il a prises personnellement\u201d. Apr\u00e8s avoir exprim\u00e9 son appr\u00e9ciation pour la d\u00e9cision du pr\u00e9sident de la R\u00e9publique d&rsquo;augmenter les pensions et allocations de retraite de 10 \u00e0 15%, M. Takdjout a indiqu\u00e9 que cette mesure refl\u00e8te \u201cles principes et les objectifs fondateurs de l&rsquo;UGTA depuis sa cr\u00e9ation en 1956, pendant la R\u00e9volution de lib\u00e9ration\u201d. Il a notamment mis en avant l&rsquo;importance de pr\u00e9server le caract\u00e8re social de l&rsquo;\u00c9tat et de ne pas recourir \u00e0 l&rsquo;endettement ext\u00e9rieur, tout en veillant \u00e0 prot\u00e9ger la classe moyenne et \u00e0 assurer une r\u00e9partition \u00e9quitable des richesses sur l&rsquo;ensemble du territoire national et parmi toutes les couches de la population. Dans cette optique, le secr\u00e9taire g\u00e9n\u00e9ral de l&rsquo;UGTA a r\u00e9affirm\u00e9 le fort soutien de la Centrale syndicale \u00e0 cette orientation afin de \u201cpr\u00e9server la souverainet\u00e9 nationale sous toutes ses facettes et de promouvoir la justice sociale\u201d.<br>Rappelons, que le Pr\u00e9sident de la R\u00e9publique a donn\u00e9 une r\u00e9ponse favorable \u00e0 la proposition pr\u00e9voyant un nouveau m\u00e9canisme de concertation avec les diff\u00e9rents partenaires sociaux, ainsi que sa disposition \u00e0 examiner certaines propositions syndicales, telles que la prolongation de la dur\u00e9e du cong\u00e9 de maternit\u00e9 pour les m\u00e8res dont les enfants souffrent de maladies et l&rsquo;organisation d&rsquo;ateliers sur le travail et les travailleurs. M.\u2008Takdjout a estim\u00e9 que cette r\u00e9ponse est \u201cune preuve irr\u00e9futable que le pr\u00e9sident Tebboune est un homme de dialogue ayant consacr\u00e9 cette approche comme une culture au sein de la soci\u00e9t\u00e9\u201d. Il a en outre indiqu\u00e9 que cette approche vise \u00e0 \u201crenforcer le front int\u00e9rieur et \u00e0 r\u00e9aliser la stabilit\u00e9, notamment en milieu ouvrier\u201d.<br>Pour ce qui est du secteur de l\u2019\u00e9ducation nationale, M. Takdjout s\u2019est f\u00e9licit\u00e9 du fait que le Pr\u00e9sident \u201cveille personnellement \u00e0 suivre les statuts particuliers de ce secteur important\u201d. Il a ajout\u00e9 que l\u2019UGTA a remarqu\u00e9 chez le Pr\u00e9sident une \u201cvolont\u00e9 sinc\u00e8re\u201d d&rsquo;\u00e9laborer des statuts tenant compte de \u201ctous les changements et valables pour une longue dur\u00e9e\u201d.<br><\/p>\n","protected":false},"excerpt":{"rendered":"<p>Par G. Salah Eddine Le secr\u00e9taire g\u00e9n\u00e9ral de l&rsquo;Union g\u00e9n\u00e9rale des travailleurs alg\u00e9riens (UGTA), Amar Takdjout,a lou\u00e9 les r\u00e9alisations \u00e9conomiques et sociales accomplies par l&rsquo;Alg\u00e9rie ces derni\u00e8res ann\u00e9es, sousla direction du pr\u00e9sident de la R\u00e9publique, Abdelmadjid Tebboune. Dans une d\u00e9claration \u00e0 la presse, M. Takdjout a pr\u00e9cis\u00e9 que \u201cces r\u00e9alisations [&hellip;]<\/p>\n","protected":false},"author":3,"featured_media":14639,"comment_status":"open","ping_status":"open","sticky":false,"template":"","format":"standard","meta":{"footnotes":""},"categories":[63,62,53],"tags":[],"class_list":["post-14638","post","type-post","status-publish","format-standard","has-post-thumbnail","hentry","category-economie","category-le-savez-vous","category-societe"],"_links":{"self":[{"href":"https:\/\/alger16.dz\/index.php?rest_route=\/wp\/v2\/posts\/14638","targetHints":{"allow":["GET"]}}],"collection":[{"href":"https:\/\/alger16.dz\/index.php?rest_route=\/wp\/v2\/posts"}],"about":[{"href":"https:\/\/alger16.dz\/index.php?rest_route=\/wp\/v2\/types\/post"}],"author":[{"embeddable":true,"href":"https:\/\/alger16.dz\/index.php?rest_route=\/wp\/v2\/users\/3"}],"replies":[{"embeddable":true,"href":"https:\/\/alger16.dz\/index.php?rest_route=%2Fwp%2Fv2%2Fcomments&post=14638"}],"version-history":[{"count":1,"href":"https:\/\/alger16.dz\/index.php?rest_route=\/wp\/v2\/posts\/14638\/revisions"}],"predecessor-version":[{"id":14640,"href":"https:\/\/alger16.dz\/index.php?rest_route=\/wp\/v2\/posts\/14638\/revisions\/14640"}],"wp:featuredmedia":[{"embeddable":true,"href":"https:\/\/alger16.dz\/index.php?rest_route=\/wp\/v2\/media\/14639"}],"wp:attachment":[{"href":"https:\/\/alger16.dz\/index.php?rest_route=%2Fwp%2Fv2%2Fmedia&parent=14638"}],"wp:term":[{"taxonomy":"category","embeddable":true,"href":"https:\/\/alger16.dz\/index.php?rest_route=%2Fwp%2Fv2%2Fcategories&post=14638"},{"taxonomy":"post_tag","embeddable":true,"href":"https:\/\/alger16.dz\/index.php?rest_route=%2Fwp%2Fv2%2Ftags&post=14638"}],"curies":[{"name":"wp","href":"https:\/\/api.w.org\/{rel}","templated":true}]}}