{"id":15521,"date":"2024-05-25T11:06:36","date_gmt":"2024-05-25T11:06:36","guid":{"rendered":"https:\/\/alger16.dz\/?p=15521"},"modified":"2024-05-25T11:06:38","modified_gmt":"2024-05-25T11:06:38","slug":"goudjil-souligne-le-role-central-des-fermes-pilotes-dans-la-relance-du-secteur-de-lagriculture","status":"publish","type":"post","link":"https:\/\/alger16.dz\/?p=15521","title":{"rendered":"Goudjil souligne le r\u00f4le central des fermes pilotes dans la relance du secteur de l&rsquo;agriculture"},"content":{"rendered":"\n<p><strong>Le pr\u00e9sident du Conseil de la nation, M. Salah Goudjil a mis en avant le r\u00f4le central des fermes pilotes dans la relance du secteur de l&rsquo;Agriculture auquel une priorit\u00e9 absolue est accord\u00e9e dans le programme du pr\u00e9sident de la R\u00e9publique, M. Abdelmadjid Tebboune, a indiqu\u00e9 vendredi un communiqu\u00e9 du Conseil.<\/strong><\/p>\n\n\n\n<figure class=\"wp-block-image size-full\"><img loading=\"lazy\" decoding=\"async\" width=\"580\" height=\"350\" src=\"https:\/\/alger16.dz\/wp-content\/uploads\/2024\/05\/eq-24.jpg\" alt=\"\" class=\"wp-image-15522\" srcset=\"https:\/\/alger16.dz\/wp-content\/uploads\/2024\/05\/eq-24.jpg 580w, https:\/\/alger16.dz\/wp-content\/uploads\/2024\/05\/eq-24-300x181.jpg 300w\" sizes=\"auto, (max-width: 580px) 100vw, 580px\" \/><\/figure>\n\n\n\n<p>Lors de l&rsquo;ouverture des travaux de la s\u00e9ance d&rsquo;audition du ministre de l&rsquo;Agriculture et du d\u00e9veloppement rural, M. Youcef Cherfa par la Commission de l&rsquo;agriculture et du d\u00e9veloppement rural, sur \u00ab\u00a0le cadre juridique des fermes pilotes et des coop\u00e9ratives agricoles et leur r\u00f4le dans la concr\u00e9tisation de la nouvelle orientation agricole\u00a0\u00bb, le pr\u00e9sident du Conseil de la nation a soulign\u00e9 le r\u00f4le central des fermes pilotes notamment les coop\u00e9ratives agricoles, \u00ab\u00a0dans la rupture avec la d\u00e9pendance vis-\u00e0-vis de l&rsquo;\u00e9tranger et le renforcement de l&rsquo;ind\u00e9pendance politique par l&rsquo;ind\u00e9pendance \u00e9conomique \u00e0 travers la r\u00e9alisation de l&rsquo;autosuffisance et la s\u00e9curit\u00e9 alimentaire dans le cadre des fondements de l&rsquo;Alg\u00e9rie nouvelle\u00a0\u00bb.<\/p>\n\n\n\n<p>M. Goudjil a indiqu\u00e9 avoir abord\u00e9 auparavant cette question avec le ministre du secteur et l&rsquo;Union nationale des paysans alg\u00e9riens (UNPA). Il a not\u00e9 que \u00ab\u00a0le produit agricole suit un parcours long avant de parvenir au consommateur, en passant par plusieurs \u00e9tapes et interm\u00e9diaires, d&rsquo;o\u00f9 l&rsquo;id\u00e9e de cr\u00e9er des coop\u00e9ratives pour raccourcir ce processus et permettre aux agriculteurs producteurs de s&rsquo;organiser afin de faire parvenir et commercialiser leurs produits directement au consommateur\u00a0\u00bb.<\/p>\n\n\n\n<p>Il a insist\u00e9 sur \u00ab\u00a0l&rsquo;imp\u00e9ratif d&rsquo;encourager la cr\u00e9ation de coop\u00e9ratives pour toutes les fili\u00e8res agricoles strat\u00e9giques telles que le lait, les c\u00e9r\u00e9ales et autres, ce qui contribuera \u00e0 la r\u00e9gulation du march\u00e9 et \u00e0 la r\u00e9duction des prix et renforcera la disponibilit\u00e9 des produits pour r\u00e9pondre aux besoins du consommateur\u00a0\u00bb. Il a appel\u00e9 \u00e0 \u00ab\u00a0s&rsquo;inspirer des exp\u00e9riences des pays d\u00e9velopp\u00e9s en mati\u00e8re d&rsquo;agriculture notamment la cr\u00e9ation et le d\u00e9veloppement des coop\u00e9ratives agricoles\u00a0\u00bb.&nbsp;<\/p>\n\n\n\n<p>A noter que cette s\u00e9ance organis\u00e9e en application des dispositions de l&rsquo;article 157 de la Constitution, a \u00e9t\u00e9 pr\u00e9sid\u00e9e par le pr\u00e9sident de la Commission, Ahmed Beda.<\/p>\n","protected":false},"excerpt":{"rendered":"<p>Le pr\u00e9sident du Conseil de la nation, M. Salah Goudjil a mis en avant le r\u00f4le central des fermes pilotes dans la relance du secteur de l&rsquo;Agriculture auquel une priorit\u00e9 absolue est accord\u00e9e dans le programme du pr\u00e9sident de la R\u00e9publique, M. Abdelmadjid Tebboune, a indiqu\u00e9 vendredi un communiqu\u00e9 du [&hellip;]<\/p>\n","protected":false},"author":3,"featured_media":15522,"comment_status":"open","ping_status":"open","sticky":false,"template":"","format":"standard","meta":{"footnotes":""},"categories":[63,62],"tags":[],"class_list":["post-15521","post","type-post","status-publish","format-standard","has-post-thumbnail","hentry","category-economie","category-le-savez-vous"],"_links":{"self":[{"href":"https:\/\/alger16.dz\/index.php?rest_route=\/wp\/v2\/posts\/15521","targetHints":{"allow":["GET"]}}],"collection":[{"href":"https:\/\/alger16.dz\/index.php?rest_route=\/wp\/v2\/posts"}],"about":[{"href":"https:\/\/alger16.dz\/index.php?rest_route=\/wp\/v2\/types\/post"}],"author":[{"embeddable":true,"href":"https:\/\/alger16.dz\/index.php?rest_route=\/wp\/v2\/users\/3"}],"replies":[{"embeddable":true,"href":"https:\/\/alger16.dz\/index.php?rest_route=%2Fwp%2Fv2%2Fcomments&post=15521"}],"version-history":[{"count":1,"href":"https:\/\/alger16.dz\/index.php?rest_route=\/wp\/v2\/posts\/15521\/revisions"}],"predecessor-version":[{"id":15523,"href":"https:\/\/alger16.dz\/index.php?rest_route=\/wp\/v2\/posts\/15521\/revisions\/15523"}],"wp:featuredmedia":[{"embeddable":true,"href":"https:\/\/alger16.dz\/index.php?rest_route=\/wp\/v2\/media\/15522"}],"wp:attachment":[{"href":"https:\/\/alger16.dz\/index.php?rest_route=%2Fwp%2Fv2%2Fmedia&parent=15521"}],"wp:term":[{"taxonomy":"category","embeddable":true,"href":"https:\/\/alger16.dz\/index.php?rest_route=%2Fwp%2Fv2%2Fcategories&post=15521"},{"taxonomy":"post_tag","embeddable":true,"href":"https:\/\/alger16.dz\/index.php?rest_route=%2Fwp%2Fv2%2Ftags&post=15521"}],"curies":[{"name":"wp","href":"https:\/\/api.w.org\/{rel}","templated":true}]}}