{"id":16997,"date":"2024-07-02T12:12:58","date_gmt":"2024-07-02T12:12:58","guid":{"rendered":"https:\/\/alger16.dz\/?p=16997"},"modified":"2024-07-02T12:13:00","modified_gmt":"2024-07-02T12:13:00","slug":"le-president-de-la-republique-preside-la-ceremonie-de-sortie-de-promotions-a-lacademie-militaire-de-cherchell","status":"publish","type":"post","link":"https:\/\/alger16.dz\/?p=16997","title":{"rendered":"Le Pr\u00e9sident de la R\u00e9publique pr\u00e9side la c\u00e9r\u00e9monie de sortie de promotions \u00e0 l&rsquo;Acad\u00e9mie militaire de Cherchell"},"content":{"rendered":"\n<p><strong><em>Le Pr\u00e9sident de la R\u00e9publique, Chef supr\u00eame des Forces arm\u00e9es, ministre de la D\u00e9fense nationale, M. Abdelmadjid Tebboune, a pr\u00e9sid\u00e9 lundi la c\u00e9r\u00e9monie de sortie de promotions \u00e0 l&rsquo;Acad\u00e9mie militaire de Cherchell \u00ab\u00a0le d\u00e9funt Pr\u00e9sident Houari Boumediene\u00a0\u00bb, indique un communiqu\u00e9 du minist\u00e8re de la D\u00e9fense nationale.<\/em><\/strong><\/p>\n\n\n\n<figure class=\"wp-block-image size-full\"><img loading=\"lazy\" decoding=\"async\" width=\"580\" height=\"350\" src=\"https:\/\/alger16.dz\/wp-content\/uploads\/2024\/07\/350f1c25aeee94a236cc06b34dfaa7f8_M.jpg\" alt=\"\" class=\"wp-image-16998\" srcset=\"https:\/\/alger16.dz\/wp-content\/uploads\/2024\/07\/350f1c25aeee94a236cc06b34dfaa7f8_M.jpg 580w, https:\/\/alger16.dz\/wp-content\/uploads\/2024\/07\/350f1c25aeee94a236cc06b34dfaa7f8_M-300x181.jpg 300w\" sizes=\"auto, (max-width: 580px) 100vw, 580px\" \/><\/figure>\n\n\n\n<p>\u00ab\u00a0Couronnant les c\u00e9r\u00e9monies annuelles de sorties de promotions au niveau des \u00e9tablissements de formation de l&rsquo;Arm\u00e9e nationale populaire (ANP), le pr\u00e9sident de la R\u00e9publique, Monsieur Abdelmadjid Tebboune, a pr\u00e9sid\u00e9, ce lundi 1er juillet 2024, au niveau de l&rsquo;Acad\u00e9mie militaire de Cherchell \u00ab\u00a0le d\u00e9funt Pr\u00e9sident Houari Boumediene\u00a0\u00bb, la c\u00e9r\u00e9monie annuelle des sorties de la 55e promotion de formation fondamentale, la 17e promotion de formation militaire commune de base et la 8e promotion d&rsquo;officiers du cycle Master\u00a0\u00bb, pr\u00e9cise la m\u00eame source.<\/p>\n\n\n\n<p>Le Pr\u00e9sident de la R\u00e9publique a \u00e9t\u00e9 accueilli, \u00e0 l&rsquo;entr\u00e9e principale de l&rsquo;Acad\u00e9mie, par le G\u00e9n\u00e9ral d&rsquo;Arm\u00e9e Sa\u00efd Chanegriha, Chef d&rsquo;Etat-major de l&rsquo;ANP, accompagn\u00e9 par le G\u00e9n\u00e9ral-major Ali Sidane, Commandant de la 1\u00e8re R\u00e9gion militaire et le G\u00e9n\u00e9ral-major Salmi Bacha, Commandant de l&rsquo;Acad\u00e9mie militaire de Cherchell.<\/p>\n\n\n\n<p>A l&rsquo;entame et apr\u00e8s la c\u00e9r\u00e9monie d&rsquo;accueil, le Pr\u00e9sident de la R\u00e9publique a \u00e9cout\u00e9 l&rsquo;hymne national et a re\u00e7u les honneurs rendus par les diff\u00e9rentes formations des Forces de l&rsquo;ANP, pour rendre, ensuite, le salut \u00e0 la d\u00e9l\u00e9gation d&rsquo;accueil, \u00e0 savoir le G\u00e9n\u00e9ral d&rsquo;Arm\u00e9e, Commandant de la Garde r\u00e9publicaine, le Secr\u00e9taire g\u00e9n\u00e9ral du minist\u00e8re de la D\u00e9fense nationale et les Commandants de Forces et de la Gendarmerie nationale.<\/p>\n\n\n\n<p>A l&rsquo;entr\u00e9e de l&rsquo;Acad\u00e9mie, le Pr\u00e9sident de la R\u00e9publique \u00ab\u00a0a observ\u00e9 un moment de recueillement en hommage au d\u00e9funt Pr\u00e9sident \u00ab\u00a0Houari Boumediene\u00a0\u00bb, dont le nom est port\u00e9 par l&rsquo;Acad\u00e9mie militaire de Cherchell, pour d\u00e9poser ensuite une gerbe de fleurs sur la st\u00e8le comm\u00e9morative et r\u00e9citer la Fatiha sur son \u00e2me pure, et ce, avant de suivre une pr\u00e9sentation portant sur l&rsquo;Acad\u00e9mie, le cursus de formation dispens\u00e9 et les promotions sortantes\u00a0\u00bb.<\/p>\n\n\n\n<h3 class=\"wp-block-heading\"><\/h3>\n\n\n\n<p>Par la suite, et au niveau de la place d&rsquo;armes, le Pr\u00e9sident de la R\u00e9publique \u00ab\u00a0a pr\u00e9sid\u00e9 la c\u00e9r\u00e9monie de sortie de nouvelles promotions au titre de l&rsquo;ann\u00e9e scolaire 2023-2024, \u00e0 l&rsquo;entame de laquelle il a pass\u00e9 en revue les carr\u00e9s des formations militaires align\u00e9es au niveau de la place d&rsquo;armes, et ce, avant que le G\u00e9n\u00e9ral d&rsquo;Arm\u00e9e, Chef d&rsquo;Etat-major de l&rsquo;ANP ne prononce une allocution \u00e0 travers laquelle il a remerci\u00e9 Monsieur le Pr\u00e9sident de la R\u00e9publique d&rsquo;avoir supervis\u00e9 la c\u00e9r\u00e9monie de sortie de promotions de l&rsquo;Acad\u00e9mie militaire de Cherchell, co\u00efncidant avec les festivit\u00e9s comm\u00e9morant le 62e anniversaire de l&rsquo;ind\u00e9pendance et du recouvrement de la souverainet\u00e9 nationale. Cette citadelle de formation qui assure \u00e0 l&rsquo;instar des autres structures de formation de l&rsquo;ANP la consolidation des rangs par des cadres arm\u00e9s de diverses sciences et de savoir, impr\u00e9gn\u00e9s des principes et valeurs nationalistes et r\u00e9publicaines, conscients des diff\u00e9rents contextes et changements que connait le monde d&rsquo;aujourd&rsquo;hui\u00a0\u00bb.<\/p>\n\n\n\n<p>A ce titre, le G\u00e9n\u00e9ral d&rsquo;Arm\u00e9e \u00ab\u00a0a salu\u00e9 la sortie de la premi\u00e8re promotion d&rsquo;\u00e9l\u00e8ves officiers de la gent f\u00e9minine au profit du Commandement des Forces terrestres qui vont \u00eatre dirig\u00e9es pour exercer au niveau du corps de bataille, ce qui refl\u00e8te le haut degr\u00e9 de professionnalisme atteint par notre Arm\u00e9e et la s\u00e9rieuse pr\u00e9paration des comp\u00e9tences parmi les femmes et les hommes pour porter la responsabilit\u00e9 de d\u00e9fendre la patrie\u00a0\u00bb.<\/p>\n\n\n\n<blockquote class=\"wp-block-quote is-layout-flow wp-block-quote-is-layout-flow\">\n<p><em><strong>Le G\u00e9n\u00e9ral d&rsquo;Arm\u00e9e \u00ab\u00a0a mis en valeur, par la m\u00eame occasion, les initiatives prises par notre pays sous le commandement de Monsieur le Pr\u00e9sident de la R\u00e9publique sur les plans diplomatique et militaire pour aider les pays du voisinage \u00e0 retrouver leurs stabilit\u00e9s et pr\u00e9server leur unit\u00e9 territoriale et populaire et qui s&rsquo;est concr\u00e9tis\u00e9e en particulier \u00e0 travers les programmes d&rsquo;aides et l&rsquo;octroi des places p\u00e9dagogiques dans les diff\u00e9rents niveaux au profit des personnels des arm\u00e9es amies ainsi que l&rsquo;acheminement des aides humanitaires\u00a0\u00bb.<\/strong><\/em><\/p>\n<\/blockquote>\n\n\n\n<p>Pour sa part, le Commandant de l&rsquo;Acad\u00e9mie militaire de Cherchell, a soulign\u00e9 que \u00ab\u00a0l&rsquo;Acad\u00e9mie connait aujourd&rsquo;hui, la sortie d&rsquo;une nouvelle \u00e9lite de cadres de l&rsquo;ANP qui ont b\u00e9n\u00e9fici\u00e9 d&rsquo;une formation militaire scientifique de qualit\u00e9, fa\u00e7onn\u00e9e par la conduite militaire exemplaire et impr\u00e9gn\u00e9e de patriotisme, de forte d\u00e9termination et d&rsquo;abn\u00e9gation au service de la Nation, ce qui les rend aptes \u00e0 assurer leurs missions futures avec m\u00e9rite et aptitude\u00a0\u00bb.<\/p>\n\n\n\n<p>Apr\u00e8s la prestation de serment par les promotions sortantes, le Pr\u00e9sident de la R\u00e9publique \u00ab\u00a0a proc\u00e9d\u00e9 \u00e0 la remise des grades et des dipl\u00f4mes aux premiers laur\u00e9ats des promotions, en remettant le dipl\u00f4me au major de promotion du cycle Master, puis le grade de Sous-lieutenant et l&rsquo;\u00e9p\u00e9e de l&rsquo;Acad\u00e9mie au major de promotion de la Formation fondamentale\u00a0\u00bb.<\/p>\n\n\n\n<p>Il a \u00e9galement \u00ab\u00a0proc\u00e9d\u00e9 \u00e0 la remise du dipl\u00f4me au major de promotion de la Formation militaire Commune de Base issu des pays fr\u00e8res et amis, avant d&rsquo;inviter la d\u00e9l\u00e9gation qui l&rsquo;accompagne \u00e0 remettre les dipl\u00f4mes et les grades aux autres laur\u00e9ats\u00a0\u00bb.<\/p>\n\n\n\n<p>\u00ab\u00a0La c\u00e9r\u00e9monie s&rsquo;est poursuivie par la remise de l&rsquo;\u00e9tendard de l&rsquo;Acad\u00e9mie par la promotion sortante d&rsquo;officiers d&rsquo;active \u00e0 la promotion qui lui succ\u00e8de, avant que la Majore de la 55e promotion de la Formation fondamentale ne soumette \u00e0 l&rsquo;approbation du Pr\u00e9sident de la R\u00e9publique la baptisation de la promotion au nom du d\u00e9funt Moudjahid \u00ab\u00a0Colonel Youcef El-Khatib\u00a0\u00bb, en pr\u00e9sentant une courte biographie du d\u00e9funt\u00a0\u00bb.<\/p>\n\n\n\n<p>Les carr\u00e9s de formations ont ensuite pris position au point de d\u00e9part de la parade, c\u00e9dant place aux exhibitions sportives de combat \u00e0 l&rsquo;instar du Karat\u00e9, du Kung-fu, du taekwondo ainsi que des mouvements sportifs d&rsquo;ensemble avec et sans armes, des exercices de bodybuilding et de saut d&rsquo;obstacles en feu et ce, avant de reconstituer des figures avec les couleurs nationales, suivies d&rsquo;un exercice d\u00e9monstratif de combat ayant trait \u00e0 une section en embuscade et assaut ex\u00e9cut\u00e9 par un d\u00e9tachement combin\u00e9.<\/p>\n\n\n\n<p>La c\u00e9r\u00e9monie de sortie de promotions a \u00e9galement vu la participation des Forces a\u00e9riennes \u00e0 travers l&rsquo;ex\u00e9cution de figures a\u00e9riennes r\u00e9alis\u00e9es par diff\u00e9rents escadrons d&rsquo;avions de combat et l&rsquo;ex\u00e9cution d&rsquo;un exercice de ravitaillement d&rsquo;avions de chasse en vol.<\/p>\n\n\n\n<p>Le Pr\u00e9sident de la R\u00e9publique \u00ab\u00a0a suivi par la suite la diffusion en direct sur \u00e9cran g\u00e9ant, d&rsquo;un exercice d\u00e9monstratif ex\u00e9cut\u00e9 par nos Forces navales, intitul\u00e9: \u00ab\u00a0Exercice tactique d\u00e9monstratif simulant une op\u00e9ration d&rsquo;intervention et d&rsquo;inspection d&rsquo;un navire suspect navigant le long du littoral national\u00a0\u00bb\u00a0\u00bb.<\/p>\n\n\n\n<p>Par la suite, et apr\u00e8s une exhibition de saut en parachutes, la Garde au drapeau national a pris le devant d&rsquo;une parade militaire suivie de carr\u00e9s d&rsquo;\u00e9l\u00e8ves officiers de carri\u00e8re de formation fondamentale et militaire commune de base, sur fond de musique militaire interpr\u00e9t\u00e9e par une troupe de la Garde r\u00e9publicaine.<\/p>\n\n\n\n<p>En outre, le Pr\u00e9sident de la R\u00e9publique \u00ab\u00a0a suivi au niveau du complexe p\u00e9dagogique \u00ab\u00a0Didouche Mourad\u00a0\u00bb les activit\u00e9s de l&rsquo;exposition scientifique organis\u00e9e par des \u00e9l\u00e8ves officiers des promotions sortantes\u00a0\u00bb.<\/p>\n\n\n\n<p>A l&rsquo;issue, le Pr\u00e9sident de la R\u00e9publique \u00ab\u00a0a honor\u00e9 la famille du d\u00e9funt Moudjahid \u00ab\u00a0Colonel Youcef El-Khatib\u00a0\u00bb, avant de parapher le Livre d&rsquo;Or de l&rsquo;Acad\u00e9mie\u00a0\u00bb, conclut le communiqu\u00e9.<\/p>\n","protected":false},"excerpt":{"rendered":"<p>Le Pr\u00e9sident de la R\u00e9publique, Chef supr\u00eame des Forces arm\u00e9es, ministre de la D\u00e9fense nationale, M. Abdelmadjid Tebboune, a pr\u00e9sid\u00e9 lundi la c\u00e9r\u00e9monie de sortie de promotions \u00e0 l&rsquo;Acad\u00e9mie militaire de Cherchell \u00ab\u00a0le d\u00e9funt Pr\u00e9sident Houari Boumediene\u00a0\u00bb, indique un communiqu\u00e9 du minist\u00e8re de la D\u00e9fense nationale. \u00ab\u00a0Couronnant les c\u00e9r\u00e9monies annuelles [&hellip;]<\/p>\n","protected":false},"author":3,"featured_media":16998,"comment_status":"open","ping_status":"open","sticky":false,"template":"","format":"standard","meta":{"footnotes":""},"categories":[36],"tags":[],"class_list":["post-16997","post","type-post","status-publish","format-standard","has-post-thumbnail","hentry","category-actualites"],"_links":{"self":[{"href":"https:\/\/alger16.dz\/index.php?rest_route=\/wp\/v2\/posts\/16997","targetHints":{"allow":["GET"]}}],"collection":[{"href":"https:\/\/alger16.dz\/index.php?rest_route=\/wp\/v2\/posts"}],"about":[{"href":"https:\/\/alger16.dz\/index.php?rest_route=\/wp\/v2\/types\/post"}],"author":[{"embeddable":true,"href":"https:\/\/alger16.dz\/index.php?rest_route=\/wp\/v2\/users\/3"}],"replies":[{"embeddable":true,"href":"https:\/\/alger16.dz\/index.php?rest_route=%2Fwp%2Fv2%2Fcomments&post=16997"}],"version-history":[{"count":1,"href":"https:\/\/alger16.dz\/index.php?rest_route=\/wp\/v2\/posts\/16997\/revisions"}],"predecessor-version":[{"id":16999,"href":"https:\/\/alger16.dz\/index.php?rest_route=\/wp\/v2\/posts\/16997\/revisions\/16999"}],"wp:featuredmedia":[{"embeddable":true,"href":"https:\/\/alger16.dz\/index.php?rest_route=\/wp\/v2\/media\/16998"}],"wp:attachment":[{"href":"https:\/\/alger16.dz\/index.php?rest_route=%2Fwp%2Fv2%2Fmedia&parent=16997"}],"wp:term":[{"taxonomy":"category","embeddable":true,"href":"https:\/\/alger16.dz\/index.php?rest_route=%2Fwp%2Fv2%2Fcategories&post=16997"},{"taxonomy":"post_tag","embeddable":true,"href":"https:\/\/alger16.dz\/index.php?rest_route=%2Fwp%2Fv2%2Ftags&post=16997"}],"curies":[{"name":"wp","href":"https:\/\/api.w.org\/{rel}","templated":true}]}}