{"id":18105,"date":"2024-07-31T13:49:44","date_gmt":"2024-07-31T13:49:44","guid":{"rendered":"https:\/\/alger16.dz\/?p=18105"},"modified":"2024-07-31T13:49:51","modified_gmt":"2024-07-31T13:49:51","slug":"presidentielle-du-7-septembre-la-cour-constitutionnelle-annonce-la-liste-definitive-des-candidats","status":"publish","type":"post","link":"https:\/\/alger16.dz\/?p=18105","title":{"rendered":"Pr\u00e9sidentielle du 7 septembre: la Cour constitutionnelle annonce la liste d\u00e9finitive des candidats"},"content":{"rendered":"\n<p><strong>La&nbsp;<em><a href=\"https:\/\/www.aps.dz\/algerie\/174030-presidentielle-la-liste-definitive-des-candidats-annoncee-ce-mercredi\" target=\"_blank\" rel=\"noreferrer noopener\">Cour constitutionnelle<\/a><\/em>&nbsp;a annonc\u00e9, mercredi, la liste d\u00e9finitive des candidats \u00e0 l&rsquo;\u00e9lection pr\u00e9sidentielle du 7 septembre apr\u00e8s avoir examin\u00e9 les dossiers de candidature et les recours.<\/strong><\/p>\n\n\n\n<figure class=\"wp-block-image size-full\"><img loading=\"lazy\" decoding=\"async\" width=\"580\" height=\"350\" src=\"https:\/\/alger16.dz\/wp-content\/uploads\/2024\/07\/7f39c20809ac5f2a11ee81685c03e5a6_M.jpg\" alt=\"\" class=\"wp-image-18106\" srcset=\"https:\/\/alger16.dz\/wp-content\/uploads\/2024\/07\/7f39c20809ac5f2a11ee81685c03e5a6_M.jpg 580w, https:\/\/alger16.dz\/wp-content\/uploads\/2024\/07\/7f39c20809ac5f2a11ee81685c03e5a6_M-300x181.jpg 300w\" sizes=\"auto, (max-width: 580px) 100vw, 580px\" \/><\/figure>\n\n\n\n<p>Il s&rsquo;agit de M. Youcef Aouchiche (Front des Forces socialistes-FFS), M. Abdelmadjid Tebboune (candidat ind\u00e9pendant) et M. Abdelaali Hassani Cherif (Mouvement de la soci\u00e9t\u00e9 pour la paix-MSP).<\/p>\n","protected":false},"excerpt":{"rendered":"<p>La&nbsp;Cour constitutionnelle&nbsp;a annonc\u00e9, mercredi, la liste d\u00e9finitive des candidats \u00e0 l&rsquo;\u00e9lection pr\u00e9sidentielle du 7 septembre apr\u00e8s avoir examin\u00e9 les dossiers de candidature et les recours. Il s&rsquo;agit de M. Youcef Aouchiche (Front des Forces socialistes-FFS), M. Abdelmadjid Tebboune (candidat ind\u00e9pendant) et M. Abdelaali Hassani Cherif (Mouvement de la soci\u00e9t\u00e9 pour [&hellip;]<\/p>\n","protected":false},"author":3,"featured_media":18106,"comment_status":"open","ping_status":"open","sticky":false,"template":"","format":"standard","meta":{"footnotes":""},"categories":[36],"tags":[],"class_list":["post-18105","post","type-post","status-publish","format-standard","has-post-thumbnail","hentry","category-actualites"],"_links":{"self":[{"href":"https:\/\/alger16.dz\/index.php?rest_route=\/wp\/v2\/posts\/18105","targetHints":{"allow":["GET"]}}],"collection":[{"href":"https:\/\/alger16.dz\/index.php?rest_route=\/wp\/v2\/posts"}],"about":[{"href":"https:\/\/alger16.dz\/index.php?rest_route=\/wp\/v2\/types\/post"}],"author":[{"embeddable":true,"href":"https:\/\/alger16.dz\/index.php?rest_route=\/wp\/v2\/users\/3"}],"replies":[{"embeddable":true,"href":"https:\/\/alger16.dz\/index.php?rest_route=%2Fwp%2Fv2%2Fcomments&post=18105"}],"version-history":[{"count":1,"href":"https:\/\/alger16.dz\/index.php?rest_route=\/wp\/v2\/posts\/18105\/revisions"}],"predecessor-version":[{"id":18107,"href":"https:\/\/alger16.dz\/index.php?rest_route=\/wp\/v2\/posts\/18105\/revisions\/18107"}],"wp:featuredmedia":[{"embeddable":true,"href":"https:\/\/alger16.dz\/index.php?rest_route=\/wp\/v2\/media\/18106"}],"wp:attachment":[{"href":"https:\/\/alger16.dz\/index.php?rest_route=%2Fwp%2Fv2%2Fmedia&parent=18105"}],"wp:term":[{"taxonomy":"category","embeddable":true,"href":"https:\/\/alger16.dz\/index.php?rest_route=%2Fwp%2Fv2%2Fcategories&post=18105"},{"taxonomy":"post_tag","embeddable":true,"href":"https:\/\/alger16.dz\/index.php?rest_route=%2Fwp%2Fv2%2Ftags&post=18105"}],"curies":[{"name":"wp","href":"https:\/\/api.w.org\/{rel}","templated":true}]}}