{"id":1943,"date":"2023-09-11T11:22:21","date_gmt":"2023-09-11T11:22:21","guid":{"rendered":"https:\/\/alger16.dz\/?p=1943"},"modified":"2023-09-11T11:22:22","modified_gmt":"2023-09-11T11:22:22","slug":"belmahdi-distingue-le-recitant-salim-saad","status":"publish","type":"post","link":"https:\/\/alger16.dz\/?p=1943","title":{"rendered":"Belmahdi distingue le r\u00e9citant Salim Saad"},"content":{"rendered":"\n<p><strong>Le ministre des Affaires religieuses et des Wakfs, Youcef Belmahdi a distingu\u00e9, dimanche \u00e0 Alger, le r\u00e9citant Salim Saad, qui a remport\u00e9 la deuxi\u00e8me place \u00e0 la 43e \u00e9dition du Concours international du Roi Abdelaziz de r\u00e9citation et d&rsquo;ex\u00e9g\u00e8se du Saint Coran, indique un communiqu\u00e9 du minist\u00e8re.<\/strong><\/p>\n\n\n\n<figure class=\"wp-block-image size-full is-resized\"><img loading=\"lazy\" decoding=\"async\" src=\"https:\/\/alger16.dz\/wp-content\/uploads\/2023\/09\/belmahdi.jpg\" alt=\"\" class=\"wp-image-1944\" style=\"width:843px;height:509px\" width=\"843\" height=\"509\" srcset=\"https:\/\/alger16.dz\/wp-content\/uploads\/2023\/09\/belmahdi.jpg 580w, https:\/\/alger16.dz\/wp-content\/uploads\/2023\/09\/belmahdi-300x181.jpg 300w\" sizes=\"auto, (max-width: 843px) 100vw, 843px\" \/><\/figure>\n\n\n\n<p>\u00ab\u00a0M. Belmahdi a distingu\u00e9, le 10 septembre 2023 au si\u00e8ge du minist\u00e8re, le r\u00e9citant Salim Saad qui a remport\u00e9 la deuxi\u00e8me place dans la cat\u00e9gorie \u2018R\u00e9citation du Saint Coran\u2019 et en psalmodie dans les 7 lectures des tariqate Shatibya et Taysir, \u00e0 la 43e \u00e9dition du Concours international du Roi Abdelaziz de la r\u00e9citation et de l&rsquo;ex\u00e9g\u00e8se du Saint Coran qui a vu la participation de 117 pays\u00a0\u00bb, ajoute le communiqu\u00e9.<\/p>\n","protected":false},"excerpt":{"rendered":"<p>Le ministre des Affaires religieuses et des Wakfs, Youcef Belmahdi a distingu\u00e9, dimanche \u00e0 Alger, le r\u00e9citant Salim Saad, qui a remport\u00e9 la deuxi\u00e8me place \u00e0 la 43e \u00e9dition du Concours international du Roi Abdelaziz de r\u00e9citation et d&rsquo;ex\u00e9g\u00e8se du Saint Coran, indique un communiqu\u00e9 du minist\u00e8re. \u00ab\u00a0M. Belmahdi a [&hellip;]<\/p>\n","protected":false},"author":3,"featured_media":1944,"comment_status":"open","ping_status":"open","sticky":false,"template":"","format":"standard","meta":{"footnotes":""},"categories":[53],"tags":[],"class_list":["post-1943","post","type-post","status-publish","format-standard","has-post-thumbnail","hentry","category-societe"],"_links":{"self":[{"href":"https:\/\/alger16.dz\/index.php?rest_route=\/wp\/v2\/posts\/1943","targetHints":{"allow":["GET"]}}],"collection":[{"href":"https:\/\/alger16.dz\/index.php?rest_route=\/wp\/v2\/posts"}],"about":[{"href":"https:\/\/alger16.dz\/index.php?rest_route=\/wp\/v2\/types\/post"}],"author":[{"embeddable":true,"href":"https:\/\/alger16.dz\/index.php?rest_route=\/wp\/v2\/users\/3"}],"replies":[{"embeddable":true,"href":"https:\/\/alger16.dz\/index.php?rest_route=%2Fwp%2Fv2%2Fcomments&post=1943"}],"version-history":[{"count":1,"href":"https:\/\/alger16.dz\/index.php?rest_route=\/wp\/v2\/posts\/1943\/revisions"}],"predecessor-version":[{"id":1945,"href":"https:\/\/alger16.dz\/index.php?rest_route=\/wp\/v2\/posts\/1943\/revisions\/1945"}],"wp:featuredmedia":[{"embeddable":true,"href":"https:\/\/alger16.dz\/index.php?rest_route=\/wp\/v2\/media\/1944"}],"wp:attachment":[{"href":"https:\/\/alger16.dz\/index.php?rest_route=%2Fwp%2Fv2%2Fmedia&parent=1943"}],"wp:term":[{"taxonomy":"category","embeddable":true,"href":"https:\/\/alger16.dz\/index.php?rest_route=%2Fwp%2Fv2%2Fcategories&post=1943"},{"taxonomy":"post_tag","embeddable":true,"href":"https:\/\/alger16.dz\/index.php?rest_route=%2Fwp%2Fv2%2Ftags&post=1943"}],"curies":[{"name":"wp","href":"https:\/\/api.w.org\/{rel}","templated":true}]}}