{"id":19646,"date":"2024-08-29T18:46:32","date_gmt":"2024-08-29T18:46:32","guid":{"rendered":"https:\/\/alger16.dz\/?p=19646"},"modified":"2024-08-29T18:46:34","modified_gmt":"2024-08-29T18:46:34","slug":"eliminatoires-can-2025-petkovic-devoile-une-liste-de-26-joueurs-mahrez-de-retour-et-une-premiere-pour-sayoud","status":"publish","type":"post","link":"https:\/\/alger16.dz\/?p=19646","title":{"rendered":"Eliminatoires CAN-2025: Petkovic d\u00e9voile une liste de 26 joueurs: Mahrez de retour et une premi\u00e8re pour Sayoud"},"content":{"rendered":"\n<p><strong>Le s\u00e9lectionneur bosnien de l&rsquo;\u00e9quipe alg\u00e9rienne de football, Vladimir Petkovic, a d\u00e9voil\u00e9 jeudi une liste de 26 joueurs en vue des deux prochains matchs pr\u00e9vus le 5 septembre (20h00) au stade Miloud-Hadefi d&rsquo;Oran face \u00e0 la Guin\u00e9e-\u00e9quatoriale, et le mardi 10 septembre au Samuel Doe Stadium de Monrovia (17h00, heure alg\u00e9rienne) devant le Lib\u00e9ria, comptant respectivement pour la 1re et 2e journ\u00e9es (Gr.E) des qualifications de la Coupe d&rsquo;Afrique des nations CAN-2025 (21 d\u00e9cembre 2025-18 janvier 2026).<\/strong><\/p>\n\n\n\n<p>Le coach national a d\u00e9voil\u00e9 cette liste \u00e0 l&rsquo;occasion de la conf\u00e9rence de presse qui se d\u00e9roule en ce moment \u00e0 la salle des conf\u00e9rences \u00ab\u00a0Mohamed Sellah\u00a0\u00bb au stade Nelson-Mandela de Baraki.<\/p>\n\n\n\n<p>Cette liste est marqu\u00e9e par la s\u00e9lection de l&rsquo;arri\u00e8re gauche Naoufel Khacef du CR Belouizdad et le gardien Alexis Guendouz (Persepolis FC\/Iran) ainsi que le retour des milieux de terrain Hichem Boudaoui (OGC Nice\/France) et Adem Zorgane (Cherleroi SC\/Belgique) et la convocation pour la premi\u00e8re fois du d\u00e9fenseur lat\u00e9ral Mohamed Farsi (Colombus Crew\/Canada).<\/p>\n\n\n\n<p>Figure dans le groupe des Verts qui entreront en stage le 2 septembre prochain au centre technique national de Sidi-Moussa (Alger), l&rsquo;ailier droit Riyad Mahrez (Al-Ahli Djeddah\/Arabie Asoudite) dont la derni\u00e8re apparition sous le maillot national remonte \u00e0 la derni\u00e8re CAN-2023 en C\u00f4te d&rsquo;Ivoire et qui n&rsquo;a toujours pas \u00e9t\u00e9 convoqu\u00e9 depuis l&rsquo;arriv\u00e9e de Petkovic sur le banc de l&rsquo;\u00e9quipe nationale en f\u00e9vrier dernier.<\/p>\n\n\n\n<p>De son c\u00f4t\u00e9, le d\u00e9fenseur du Borussia Dortmund (Div.1 allemande de football) Ramy Benseba\u00efni, remis d&rsquo;une blessure au ligament interne du genou droit contract\u00e9e en mars dernier, a fait \u00e9galement son retour apr\u00e8s pr\u00e8s de six mois d&rsquo;absence.<\/p>\n\n\n\n<p>La grande surprise de la liste d\u00e9voil\u00e9e par le s\u00e9lectionneur national reste sans soute la s\u00e9lection du milieu de terrain d&rsquo;Al Raed (Arabie Saoudite), Amir Sayoud, convoqu\u00e9 pour la premi\u00e8re fois chez les Verts, lui qui faisait partie de l&rsquo;\u00e9quipe nationale A&rsquo;, sacr\u00e9e en Coupe arabe Fifa-2021 \u00e0 Doha (Qatar).<\/p>\n\n\n\n<p>La premi\u00e8re rencontre face \u00e0 la Guin\u00e9e Equatoriale sera dirig\u00e9e par un trio b\u00e9ninois, conduit par Djindo Louis Houngnandande. Il sera assist\u00e9 d&rsquo;Eric Aymar Ulrich Ayimavo et Koudogbo Augustin Kougbemede. Le quatri\u00e8me arbitre est Issa Mouhamed.<\/p>\n\n\n\n<p>L&rsquo;instance africaine de football avait \u00e9galement d\u00e9sign\u00e9 les arbitres devant officier la rencontre Lib\u00e9ria-Alg\u00e9rie, pr\u00e9vue le mardi 10 septembre au Samuel Doe Stadium de Monrovia (17h00, heure alg\u00e9rienne), pour le compte de la 2e journ\u00e9e des qualifications de la CAN-2025.<\/p>\n\n\n\n<p>Il s&rsquo;agit d&rsquo;un quatuor soudanais dirig\u00e9 par Mahmood Ali Mahmood Ismail qui sera assist\u00e9 de Mohammed Abdallah Ibrahim et Omar Hamid Mohamed Ahmed. Le quatri\u00e8me arbitre est Abdelaziz Hafar Abdallah Abdallah Estalgoo.<\/p>\n\n\n\n<p>Les co\u00e9quipiers du capitaine A\u00efssa Mandi reprendront les qualifications en octobre (7-15 octobre) en recevant le Togo, avant d&rsquo;aller d\u00e9fier le m\u00eame adversaire, pour le compte de la 4e journ\u00e9e.<\/p>\n\n\n\n<p>Les deux derni\u00e8res journ\u00e9es sont programm\u00e9es entre les 11 au 19 novembre 2024. L&rsquo;Alg\u00e9rie se d\u00e9placera en Guin\u00e9e-\u00e9quatoriale pour croiser le fer avec le \u00ab\u00a0Nzalang nacional\u00a0\u00bb, avant de boucler sa campagne \u00e0 domicile face au Lib\u00e9ria.<\/p>\n\n\n\n<p>Les deux premiers des 11 groupes seront qualifi\u00e9s pour la phase finale, alors qu&rsquo;un seul pays se qualifiera pour le tournoi final dans le groupe du pays h\u00f4te.<\/p>\n\n\n\n\n\n<p><strong>Voici par ailleurs la liste des 26 joueurs: &nbsp;&nbsp;&nbsp;&nbsp;<\/strong><\/p>\n\n\n\n<p><strong>Gardiens:<\/strong>&nbsp;Alexis Guendouz (Persepolis FC\/Iran), Anthony Mandrea (SM Caen\/France), Alexandre Oukidja (FC Metz\/France)<\/p>\n\n\n\n<p><strong>D<\/strong><strong>\u00e9<\/strong><strong>fenseurs:<\/strong>&nbsp;Ryan A\u00eft Nouri (Wolwerhampton), Youcef Atal (Adana Demirspor\/<\/p>\n\n\n\n<p>Turquie), Zin\u00e9dine Bela\u00efd (Saint-Trond VV\/Belgique), Jaouen Hadjam (Young-Boys\/Suisse), Mohamed Amine Madani (JS Kabylie), A\u00efssa Mandi (LOSC Lille\/France), Mohamed Amine Touga\u00ef (ES Tunis\/ Tunisie), Naoufel Khacef (CR<\/p>\n\n\n\n<p>Belouizdad\/ Alg\u00e9rie), Ramy Benseba\u00efni (Borussia Dortmund \/Allemagne), Mohamed Farsi (Colombus Crew\/Canada).<\/p>\n\n\n\n<p><strong>Milieux:<\/strong>&nbsp;Isma\u00ebl Bennacer (AC Milan\/Italie), Hichem Boudaoui (OGC Nice\/France), Ramiz Zerrouki (Feyenoord\/ Pays-Bas), Adem Zorgane (Cherleroi SC\/Belgique).<\/p>\n\n\n\n<p><strong>Attaquants:<\/strong>&nbsp;Houssem Aouar (Al Ittihad\/Arabie Saoudite), Sa\u00efd Benrahma (O.Lyon\/ France), Mohamed Amine Amoura (VFL Wolfburg\/Allemagne), Yacine Benzia (Qarabag FK\/ Azerba\u00efdjan), Baghdad Bounedjah (Al Shamal SC \/ Qatar), Amine Gouiri (Stade Rennais \/France), Anis Hadj Moussa (Feyenoord\/ Pays -Bas), Amir Sayoud (Al\/Raed FC\/Arabie Saoudite), Riyad Mahrez (Al-Ahli FC\/Arabie Saouidte).<\/p>\n","protected":false},"excerpt":{"rendered":"<p>Le s\u00e9lectionneur bosnien de l&rsquo;\u00e9quipe alg\u00e9rienne de football, Vladimir Petkovic, a d\u00e9voil\u00e9 jeudi une liste de 26 joueurs en vue des deux prochains matchs pr\u00e9vus le 5 septembre (20h00) au stade Miloud-Hadefi d&rsquo;Oran face \u00e0 la Guin\u00e9e-\u00e9quatoriale, et le mardi 10 septembre au Samuel Doe Stadium de Monrovia (17h00, heure [&hellip;]<\/p>\n","protected":false},"author":3,"featured_media":19647,"comment_status":"open","ping_status":"open","sticky":false,"template":"","format":"standard","meta":{"footnotes":""},"categories":[62,61],"tags":[],"class_list":["post-19646","post","type-post","status-publish","format-standard","has-post-thumbnail","hentry","category-le-savez-vous","category-sport"],"_links":{"self":[{"href":"https:\/\/alger16.dz\/index.php?rest_route=\/wp\/v2\/posts\/19646","targetHints":{"allow":["GET"]}}],"collection":[{"href":"https:\/\/alger16.dz\/index.php?rest_route=\/wp\/v2\/posts"}],"about":[{"href":"https:\/\/alger16.dz\/index.php?rest_route=\/wp\/v2\/types\/post"}],"author":[{"embeddable":true,"href":"https:\/\/alger16.dz\/index.php?rest_route=\/wp\/v2\/users\/3"}],"replies":[{"embeddable":true,"href":"https:\/\/alger16.dz\/index.php?rest_route=%2Fwp%2Fv2%2Fcomments&post=19646"}],"version-history":[{"count":1,"href":"https:\/\/alger16.dz\/index.php?rest_route=\/wp\/v2\/posts\/19646\/revisions"}],"predecessor-version":[{"id":19648,"href":"https:\/\/alger16.dz\/index.php?rest_route=\/wp\/v2\/posts\/19646\/revisions\/19648"}],"wp:featuredmedia":[{"embeddable":true,"href":"https:\/\/alger16.dz\/index.php?rest_route=\/wp\/v2\/media\/19647"}],"wp:attachment":[{"href":"https:\/\/alger16.dz\/index.php?rest_route=%2Fwp%2Fv2%2Fmedia&parent=19646"}],"wp:term":[{"taxonomy":"category","embeddable":true,"href":"https:\/\/alger16.dz\/index.php?rest_route=%2Fwp%2Fv2%2Fcategories&post=19646"},{"taxonomy":"post_tag","embeddable":true,"href":"https:\/\/alger16.dz\/index.php?rest_route=%2Fwp%2Fv2%2Ftags&post=19646"}],"curies":[{"name":"wp","href":"https:\/\/api.w.org\/{rel}","templated":true}]}}