{"id":20068,"date":"2024-09-04T12:54:02","date_gmt":"2024-09-04T12:54:02","guid":{"rendered":"https:\/\/alger16.dz\/?p=20068"},"modified":"2024-09-04T12:54:04","modified_gmt":"2024-09-04T12:54:04","slug":"9e-session-de-la-reunion-ministeriel-a-pekin-ahmed-attaf-prend-part-au-forum-sino-africain","status":"publish","type":"post","link":"https:\/\/alger16.dz\/?p=20068","title":{"rendered":"9e session de la r\u00e9union minist\u00e9riel \u00e0 P\u00e9kin : Ahmed Attaf prend part au forum sino-africain"},"content":{"rendered":"\n<p>Par Mokdad Khadidja <\/p>\n\n\n\n<figure class=\"wp-block-image size-full\"><img loading=\"lazy\" decoding=\"async\" width=\"580\" height=\"350\" src=\"https:\/\/alger16.dz\/wp-content\/uploads\/2024\/09\/Attaf-chine.png\" alt=\"\" class=\"wp-image-20069\" srcset=\"https:\/\/alger16.dz\/wp-content\/uploads\/2024\/09\/Attaf-chine.png 580w, https:\/\/alger16.dz\/wp-content\/uploads\/2024\/09\/Attaf-chine-300x181.png 300w\" sizes=\"auto, (max-width: 580px) 100vw, 580px\" \/><\/figure>\n\n\n\n<p>Le ministre des Affaires \u00e9trang\u00e8res et de la Communaut\u00e9 nationale \u00e0 l&rsquo;\u00e9tranger, Ahmed Attaf, a particip\u00e9 hier \u00e0 P\u00e9kin, capitale de la Chine, \u00e0 la neuvi\u00e8me session de la r\u00e9union minist\u00e9rielle du Forum de coop\u00e9ration sino-africain. Cette session \u00e9tait copr\u00e9sid\u00e9e par les ministres des Affaires \u00e9trang\u00e8res de la Chine et du S\u00e9n\u00e9gal. Selon un communiqu\u00e9 du minist\u00e8re des Affaires \u00e9trang\u00e8res, cette r\u00e9union a \u00e9t\u00e9 consacr\u00e9e \u00e0 l&rsquo;\u00e9valuation des progr\u00e8s r\u00e9alis\u00e9s dans la mise en \u0153uvre de l&rsquo;agenda de partenariat sino-africain, notamment \u00e0 travers les diverses activit\u00e9s de coop\u00e9ration et les programmes d&rsquo;\u00e9change convenus dans les domaines \u00e9conomique, social, scientifique et culturel. La r\u00e9union a \u00e9galement permis de discuter des projets de r\u00e9sultats du sommet sino-africain pr\u00e9vu pour les 5 et 6 septembre, notamment le projet de d\u00e9claration conjointe ainsi que le projet de programme ex\u00e9cutif pour la p\u00e9riode 2025-2027. En marge de cette r\u00e9union, le ministre Ahmed Attaf a eu des entretiens bilat\u00e9raux avec plusieurs de ses homologues africains, dont les ministres des Affaires \u00e9trang\u00e8res de la Tunisie, de la Mauritanie, de la Libye, du Kenya, de l\u2019Ouganda, de la R\u00e9publique du Congo, du Nig\u00e9ria, du B\u00e9nin, de la Tanzanie, de Djibouti, de la Somalie et de la R\u00e9publique Centrafricaine. Ces rencontres ont permis un \u00e9change r\u00e9gulier et une coordination sur les principales questions d&rsquo;int\u00e9r\u00eat commun.<br><\/p>\n","protected":false},"excerpt":{"rendered":"<p>Par Mokdad Khadidja Le ministre des Affaires \u00e9trang\u00e8res et de la Communaut\u00e9 nationale \u00e0 l&rsquo;\u00e9tranger, Ahmed Attaf, a particip\u00e9 hier \u00e0 P\u00e9kin, capitale de la Chine, \u00e0 la neuvi\u00e8me session de la r\u00e9union minist\u00e9rielle du Forum de coop\u00e9ration sino-africain. Cette session \u00e9tait copr\u00e9sid\u00e9e par les ministres des Affaires \u00e9trang\u00e8res de [&hellip;]<\/p>\n","protected":false},"author":3,"featured_media":20069,"comment_status":"open","ping_status":"open","sticky":false,"template":"","format":"standard","meta":{"footnotes":""},"categories":[36],"tags":[],"class_list":["post-20068","post","type-post","status-publish","format-standard","has-post-thumbnail","hentry","category-actualites"],"_links":{"self":[{"href":"https:\/\/alger16.dz\/index.php?rest_route=\/wp\/v2\/posts\/20068","targetHints":{"allow":["GET"]}}],"collection":[{"href":"https:\/\/alger16.dz\/index.php?rest_route=\/wp\/v2\/posts"}],"about":[{"href":"https:\/\/alger16.dz\/index.php?rest_route=\/wp\/v2\/types\/post"}],"author":[{"embeddable":true,"href":"https:\/\/alger16.dz\/index.php?rest_route=\/wp\/v2\/users\/3"}],"replies":[{"embeddable":true,"href":"https:\/\/alger16.dz\/index.php?rest_route=%2Fwp%2Fv2%2Fcomments&post=20068"}],"version-history":[{"count":1,"href":"https:\/\/alger16.dz\/index.php?rest_route=\/wp\/v2\/posts\/20068\/revisions"}],"predecessor-version":[{"id":20070,"href":"https:\/\/alger16.dz\/index.php?rest_route=\/wp\/v2\/posts\/20068\/revisions\/20070"}],"wp:featuredmedia":[{"embeddable":true,"href":"https:\/\/alger16.dz\/index.php?rest_route=\/wp\/v2\/media\/20069"}],"wp:attachment":[{"href":"https:\/\/alger16.dz\/index.php?rest_route=%2Fwp%2Fv2%2Fmedia&parent=20068"}],"wp:term":[{"taxonomy":"category","embeddable":true,"href":"https:\/\/alger16.dz\/index.php?rest_route=%2Fwp%2Fv2%2Fcategories&post=20068"},{"taxonomy":"post_tag","embeddable":true,"href":"https:\/\/alger16.dz\/index.php?rest_route=%2Fwp%2Fv2%2Ftags&post=20068"}],"curies":[{"name":"wp","href":"https:\/\/api.w.org\/{rel}","templated":true}]}}