{"id":21066,"date":"2024-09-23T14:55:12","date_gmt":"2024-09-23T14:55:12","guid":{"rendered":"https:\/\/alger16.dz\/?p=21066"},"modified":"2024-09-23T14:55:14","modified_gmt":"2024-09-23T14:55:14","slug":"le-premier-ministre-norvegien-felicite-le-president-de-la-republique-pour-sa-reelection-pour-un-second-mandat","status":"publish","type":"post","link":"https:\/\/alger16.dz\/?p=21066","title":{"rendered":"Le Premier ministre norv\u00e9gien f\u00e9licite le pr\u00e9sident de la R\u00e9publique pour sa r\u00e9\u00e9lection pour un second mandat"},"content":{"rendered":"\n<p><strong>Le Premier ministre du Royaume de Norv\u00e8ge, M. Jonas Gahr Store, a adress\u00e9 un message de f\u00e9licitations au pr\u00e9sident de la R\u00e9publique, M. Abdelmadjid Tebboune, \u00e0 l&rsquo;occasion de sa r\u00e9\u00e9lection pour un nouveau mandat pr\u00e9sidentiel, a indiqu\u00e9, lundi, un communiqu\u00e9 de la pr\u00e9sidence de la R\u00e9publique.<\/strong><\/p>\n\n\n\n<figure class=\"wp-block-image size-full\"><img loading=\"lazy\" decoding=\"async\" width=\"580\" height=\"350\" src=\"https:\/\/alger16.dz\/wp-content\/uploads\/2024\/09\/269472e4f03c5caeade6487924028f3e_M.jpg\" alt=\"\" class=\"wp-image-21067\" srcset=\"https:\/\/alger16.dz\/wp-content\/uploads\/2024\/09\/269472e4f03c5caeade6487924028f3e_M.jpg 580w, https:\/\/alger16.dz\/wp-content\/uploads\/2024\/09\/269472e4f03c5caeade6487924028f3e_M-300x181.jpg 300w\" sizes=\"auto, (max-width: 580px) 100vw, 580px\" \/><\/figure>\n\n\n\n<p>\u00ab\u00a0Le Premier ministre du Royaume de Norv\u00e8ge, M. Jonas Gahr Store, a adress\u00e9 un message de f\u00e9licitations au pr\u00e9sident de la R\u00e9publique, M. Abdelmadjid Tebboune, \u00e0 l&rsquo;occasion de sa r\u00e9\u00e9lection pour un nouveau mandat pr\u00e9sidentiel, exprimant ses v\u0153ux de succ\u00e8s et de r\u00e9ussite \u00e0 Monsieur le Pr\u00e9sident\u00a0\u00bb, lit-on dans le communiqu\u00e9.<\/p>\n\n\n\n<p>\u00ab\u00a0Il a \u00e9galement salu\u00e9, au nom du gouvernement norv\u00e9gien, le r\u00f4le de l&rsquo;Alg\u00e9rie dans la promotion de la paix r\u00e9gionale et internationale, ainsi que ses efforts au sein du Conseil de s\u00e9curit\u00e9, exprimant sa volont\u00e9 d&rsquo;\u0153uvrer davantage au d\u00e9veloppement de la coop\u00e9ration entre les deux pays\u00a0\u00bb, selon la m\u00eame source.<\/p>\n","protected":false},"excerpt":{"rendered":"<p>Le Premier ministre du Royaume de Norv\u00e8ge, M. Jonas Gahr Store, a adress\u00e9 un message de f\u00e9licitations au pr\u00e9sident de la R\u00e9publique, M. Abdelmadjid Tebboune, \u00e0 l&rsquo;occasion de sa r\u00e9\u00e9lection pour un nouveau mandat pr\u00e9sidentiel, a indiqu\u00e9, lundi, un communiqu\u00e9 de la pr\u00e9sidence de la R\u00e9publique. \u00ab\u00a0Le Premier ministre du [&hellip;]<\/p>\n","protected":false},"author":3,"featured_media":21067,"comment_status":"open","ping_status":"open","sticky":false,"template":"","format":"standard","meta":{"footnotes":""},"categories":[36],"tags":[],"class_list":["post-21066","post","type-post","status-publish","format-standard","has-post-thumbnail","hentry","category-actualites"],"_links":{"self":[{"href":"https:\/\/alger16.dz\/index.php?rest_route=\/wp\/v2\/posts\/21066","targetHints":{"allow":["GET"]}}],"collection":[{"href":"https:\/\/alger16.dz\/index.php?rest_route=\/wp\/v2\/posts"}],"about":[{"href":"https:\/\/alger16.dz\/index.php?rest_route=\/wp\/v2\/types\/post"}],"author":[{"embeddable":true,"href":"https:\/\/alger16.dz\/index.php?rest_route=\/wp\/v2\/users\/3"}],"replies":[{"embeddable":true,"href":"https:\/\/alger16.dz\/index.php?rest_route=%2Fwp%2Fv2%2Fcomments&post=21066"}],"version-history":[{"count":1,"href":"https:\/\/alger16.dz\/index.php?rest_route=\/wp\/v2\/posts\/21066\/revisions"}],"predecessor-version":[{"id":21068,"href":"https:\/\/alger16.dz\/index.php?rest_route=\/wp\/v2\/posts\/21066\/revisions\/21068"}],"wp:featuredmedia":[{"embeddable":true,"href":"https:\/\/alger16.dz\/index.php?rest_route=\/wp\/v2\/media\/21067"}],"wp:attachment":[{"href":"https:\/\/alger16.dz\/index.php?rest_route=%2Fwp%2Fv2%2Fmedia&parent=21066"}],"wp:term":[{"taxonomy":"category","embeddable":true,"href":"https:\/\/alger16.dz\/index.php?rest_route=%2Fwp%2Fv2%2Fcategories&post=21066"},{"taxonomy":"post_tag","embeddable":true,"href":"https:\/\/alger16.dz\/index.php?rest_route=%2Fwp%2Fv2%2Ftags&post=21066"}],"curies":[{"name":"wp","href":"https:\/\/api.w.org\/{rel}","templated":true}]}}