{"id":21072,"date":"2024-09-23T15:41:53","date_gmt":"2024-09-23T15:41:53","guid":{"rendered":"https:\/\/alger16.dz\/?p=21072"},"modified":"2024-09-23T15:41:55","modified_gmt":"2024-09-23T15:41:55","slug":"la-presidente-du-perou-felicite-le-president-de-la-republique-pour-sa-reelection","status":"publish","type":"post","link":"https:\/\/alger16.dz\/?p=21072","title":{"rendered":"La pr\u00e9sidente du P\u00e9rou f\u00e9licite le pr\u00e9sident de la R\u00e9publique pour sa r\u00e9\u00e9lection"},"content":{"rendered":"\n<p><strong>La pr\u00e9sidente du P\u00e9rou Mme Dina Ercilia Boluarte Zegarra a f\u00e9licit\u00e9 le pr\u00e9sident de la R\u00e9publique, M. Abdelmadjid Tebboune, \u00e0 l&rsquo;occasion de sa r\u00e9\u00e9lection pour un nouveau mandat pr\u00e9sidentiel, se r\u00e9jouissant de l&rsquo;\u00e9volution des relations entres les deux pays, indique, lundi, un communiqu\u00e9 de la pr\u00e9sidence de la R\u00e9publique.<\/strong><\/p>\n\n\n\n<p>\u00ab\u00a0La pr\u00e9sidente de la R\u00e9publique du P\u00e9rou Mme Dina Ercilia Boluarte Zegarra a f\u00e9licit\u00e9, en son nom et au nom du peuple p\u00e9ruvien, le pr\u00e9sident de la R\u00e9publique, M. Abdelmadjid Tebboune, \u00e0 l&rsquo;occasion de sa r\u00e9\u00e9lection \u00e0 la pr\u00e9sidence de la R\u00e9publique, lui adressant ses chaleureuses f\u00e9licitations\u00a0\u00bb, lit-on dans le communiqu\u00e9.<\/p>\n\n\n\n<p>Elle a \u00e9galement exprim\u00e9 \u00ab\u00a0sa satisfaction quant \u00e0 l&rsquo;\u00e9volution des relations bilat\u00e9rales, qui seront renforc\u00e9es \u00e0 l&rsquo;occasion du 50e anniversaire de l&rsquo;\u00e9tablissement des relations diplomatiques entre les deux pays\u00a0\u00bb, conclut le communiqu\u00e9.<\/p>\n","protected":false},"excerpt":{"rendered":"<p>La pr\u00e9sidente du P\u00e9rou Mme Dina Ercilia Boluarte Zegarra a f\u00e9licit\u00e9 le pr\u00e9sident de la R\u00e9publique, M. Abdelmadjid Tebboune, \u00e0 l&rsquo;occasion de sa r\u00e9\u00e9lection pour un nouveau mandat pr\u00e9sidentiel, se r\u00e9jouissant de l&rsquo;\u00e9volution des relations entres les deux pays, indique, lundi, un communiqu\u00e9 de la pr\u00e9sidence de la R\u00e9publique. \u00ab\u00a0La [&hellip;]<\/p>\n","protected":false},"author":3,"featured_media":21073,"comment_status":"open","ping_status":"open","sticky":false,"template":"","format":"standard","meta":{"footnotes":""},"categories":[36],"tags":[],"class_list":["post-21072","post","type-post","status-publish","format-standard","has-post-thumbnail","hentry","category-actualites"],"_links":{"self":[{"href":"https:\/\/alger16.dz\/index.php?rest_route=\/wp\/v2\/posts\/21072","targetHints":{"allow":["GET"]}}],"collection":[{"href":"https:\/\/alger16.dz\/index.php?rest_route=\/wp\/v2\/posts"}],"about":[{"href":"https:\/\/alger16.dz\/index.php?rest_route=\/wp\/v2\/types\/post"}],"author":[{"embeddable":true,"href":"https:\/\/alger16.dz\/index.php?rest_route=\/wp\/v2\/users\/3"}],"replies":[{"embeddable":true,"href":"https:\/\/alger16.dz\/index.php?rest_route=%2Fwp%2Fv2%2Fcomments&post=21072"}],"version-history":[{"count":1,"href":"https:\/\/alger16.dz\/index.php?rest_route=\/wp\/v2\/posts\/21072\/revisions"}],"predecessor-version":[{"id":21074,"href":"https:\/\/alger16.dz\/index.php?rest_route=\/wp\/v2\/posts\/21072\/revisions\/21074"}],"wp:featuredmedia":[{"embeddable":true,"href":"https:\/\/alger16.dz\/index.php?rest_route=\/wp\/v2\/media\/21073"}],"wp:attachment":[{"href":"https:\/\/alger16.dz\/index.php?rest_route=%2Fwp%2Fv2%2Fmedia&parent=21072"}],"wp:term":[{"taxonomy":"category","embeddable":true,"href":"https:\/\/alger16.dz\/index.php?rest_route=%2Fwp%2Fv2%2Fcategories&post=21072"},{"taxonomy":"post_tag","embeddable":true,"href":"https:\/\/alger16.dz\/index.php?rest_route=%2Fwp%2Fv2%2Ftags&post=21072"}],"curies":[{"name":"wp","href":"https:\/\/api.w.org\/{rel}","templated":true}]}}