{"id":27801,"date":"2025-01-19T14:14:31","date_gmt":"2025-01-19T14:14:31","guid":{"rendered":"https:\/\/alger16.dz\/?p=27801"},"modified":"2025-01-19T14:15:49","modified_gmt":"2025-01-19T14:15:49","slug":"le-president-de-la-republique-preside-la-ceremonie-douverture-des-travaux-des-assises-nationales-sur-le-cinema","status":"publish","type":"post","link":"https:\/\/alger16.dz\/?p=27801","title":{"rendered":"Le pr\u00e9sident de la R\u00e9publique pr\u00e9side la c\u00e9r\u00e9monie d&rsquo;ouverture des travaux des assises nationales sur le cin\u00e9ma"},"content":{"rendered":"\n<figure class=\"wp-block-image size-full\"><img loading=\"lazy\" decoding=\"async\" width=\"580\" height=\"350\" src=\"https:\/\/alger16.dz\/wp-content\/uploads\/2025\/01\/1-1.jpg\" alt=\"\" class=\"wp-image-27804\" srcset=\"https:\/\/alger16.dz\/wp-content\/uploads\/2025\/01\/1-1.jpg 580w, https:\/\/alger16.dz\/wp-content\/uploads\/2025\/01\/1-1-300x181.jpg 300w\" sizes=\"auto, (max-width: 580px) 100vw, 580px\" \/><\/figure>\n\n\n\n<p><strong>Le pr\u00e9sident de la R\u00e9publique, M. Abdelmadjid Tebboune, a pr\u00e9sid\u00e9, dimanche, au Centre international des conf\u00e9rences (CIC) \u00ab\u00a0Abdelatif Rahal\u00a0\u00bb (Alger), la c\u00e9r\u00e9monie d&rsquo;ouverture des assises nationales sur le cin\u00e9ma.<\/strong><\/p>\n\n\n\n<p>Apr\u00e8s la c\u00e9r\u00e9monie d&rsquo;ouverture, le pr\u00e9sident de la R\u00e9publique a suivi un film documentaire sur l&rsquo;histoire de la culture et du cin\u00e9ma en Alg\u00e9rie.<\/p>\n\n\n\n<p>Ces assises connaissent une large participation des professionnels du 7e art pour discuter et \u00e9changer des id\u00e9es et des visions pour d\u00e9velopper le secteur cin\u00e9matographique et renforcer sa capacit\u00e9 pour aboutir \u00e0 un impact positif sur les volets social et culturel.<\/p>\n\n\n\n<p>Ces assises de deux jours s&rsquo;inscrivent dans le cadre de l&rsquo;\u00e9tablissement d&rsquo;une strat\u00e9gie int\u00e9gr\u00e9e dans le but de d\u00e9velopper l&rsquo;industrie cin\u00e9matographique et ouvrir de nouveaux horizons d&rsquo;investissement dans ce domaine.<\/p>\n","protected":false},"excerpt":{"rendered":"<p>Le pr\u00e9sident de la R\u00e9publique, M. Abdelmadjid Tebboune, a pr\u00e9sid\u00e9, dimanche, au Centre international des conf\u00e9rences (CIC) \u00ab\u00a0Abdelatif Rahal\u00a0\u00bb (Alger), la c\u00e9r\u00e9monie d&rsquo;ouverture des assises nationales sur le cin\u00e9ma. Apr\u00e8s la c\u00e9r\u00e9monie d&rsquo;ouverture, le pr\u00e9sident de la R\u00e9publique a suivi un film documentaire sur l&rsquo;histoire de la culture et du [&hellip;]<\/p>\n","protected":false},"author":3,"featured_media":27802,"comment_status":"open","ping_status":"open","sticky":false,"template":"","format":"standard","meta":{"footnotes":""},"categories":[36],"tags":[],"class_list":["post-27801","post","type-post","status-publish","format-standard","has-post-thumbnail","hentry","category-actualites"],"_links":{"self":[{"href":"https:\/\/alger16.dz\/index.php?rest_route=\/wp\/v2\/posts\/27801","targetHints":{"allow":["GET"]}}],"collection":[{"href":"https:\/\/alger16.dz\/index.php?rest_route=\/wp\/v2\/posts"}],"about":[{"href":"https:\/\/alger16.dz\/index.php?rest_route=\/wp\/v2\/types\/post"}],"author":[{"embeddable":true,"href":"https:\/\/alger16.dz\/index.php?rest_route=\/wp\/v2\/users\/3"}],"replies":[{"embeddable":true,"href":"https:\/\/alger16.dz\/index.php?rest_route=%2Fwp%2Fv2%2Fcomments&post=27801"}],"version-history":[{"count":2,"href":"https:\/\/alger16.dz\/index.php?rest_route=\/wp\/v2\/posts\/27801\/revisions"}],"predecessor-version":[{"id":27805,"href":"https:\/\/alger16.dz\/index.php?rest_route=\/wp\/v2\/posts\/27801\/revisions\/27805"}],"wp:featuredmedia":[{"embeddable":true,"href":"https:\/\/alger16.dz\/index.php?rest_route=\/wp\/v2\/media\/27802"}],"wp:attachment":[{"href":"https:\/\/alger16.dz\/index.php?rest_route=%2Fwp%2Fv2%2Fmedia&parent=27801"}],"wp:term":[{"taxonomy":"category","embeddable":true,"href":"https:\/\/alger16.dz\/index.php?rest_route=%2Fwp%2Fv2%2Fcategories&post=27801"},{"taxonomy":"post_tag","embeddable":true,"href":"https:\/\/alger16.dz\/index.php?rest_route=%2Fwp%2Fv2%2Ftags&post=27801"}],"curies":[{"name":"wp","href":"https:\/\/api.w.org\/{rel}","templated":true}]}}