{"id":29383,"date":"2025-02-02T00:33:17","date_gmt":"2025-02-02T00:33:17","guid":{"rendered":"https:\/\/alger16.dz\/?p=29383"},"modified":"2025-02-03T18:33:14","modified_gmt":"2025-02-03T18:33:14","slug":"lalgerie-marque-son-passage-a-la-tete-du-conseil-de-securite-des-efforts-inlassables","status":"publish","type":"post","link":"https:\/\/alger16.dz\/?p=29383","title":{"rendered":"L\u2019Alg\u00e9rie marque son passage \u00e0 la t\u00eate du Conseil de s\u00e9curit\u00e9 : des efforts inlassables"},"content":{"rendered":"\n<figure class=\"wp-block-image size-full\"><img loading=\"lazy\" decoding=\"async\" width=\"861\" height=\"484\" src=\"https:\/\/alger16.dz\/wp-content\/uploads\/2025\/02\/image-6.png\" alt=\"\" class=\"wp-image-29384\" srcset=\"https:\/\/alger16.dz\/wp-content\/uploads\/2025\/02\/image-6.png 861w, https:\/\/alger16.dz\/wp-content\/uploads\/2025\/02\/image-6-300x169.png 300w, https:\/\/alger16.dz\/wp-content\/uploads\/2025\/02\/image-6-768x432.png 768w\" sizes=\"auto, (max-width: 861px) 100vw, 861px\" \/><\/figure>\n\n\n\n<p><strong>L&rsquo;Alg\u00e9rie a achev\u00e9 son mandat \u00e0 la t\u00eate du Conseil de s\u00e9curit\u00e9 des Nations unies, laissant la place \u00e0 la Chine pour le mois en cours, conform\u00e9ment aux r\u00e8glements de cette instance internationale. Pendant son court et intense passage \u00e0 la pr\u00e9sidence du Conseil en janvier, l&rsquo;Alg\u00e9rie a su imposer son empreinte et a r\u00e9it\u00e9r\u00e9 sa disponibilit\u00e9, sous la conduite du pr\u00e9sident de la R\u00e9publique, \u00e0 poursuivre son r\u00f4le habituel et sa participation active \u00e0 tous les efforts internationaux visant \u00e0 r\u00e9pondre aux besoins humanitaires dans un contexte mondial marqu\u00e9 par de profondes mutations g\u00e9opolitiques et strat\u00e9giques.<\/strong><\/p>\n\n\n\n<p><strong>Par Chahid Lakeb<\/strong><\/p>\n\n\n\n<p>Ce fut un mois marqu\u00e9 par des discussions de haut niveau sur la cause palestinienne, les efforts de lutte contre le terrorisme en Afrique et le renforcement de la coop\u00e9ration entre les Nations Unies et la Ligue des \u00c9tats arabes. En tant que membre non permanent du Conseil de s\u00e9curit\u00e9 pour le mandat 2024-2025, l\u2019Alg\u00e9rie a guid\u00e9 l\u2019organe \u00e0 travers des questions urgentes et sensibles au Y\u00e9men, en Libye et en RDC, ce qui a donn\u00e9 lieu \u00e0 de nouvelles r\u00e9solutions et \u00e0 des d\u00e9clarations officielles.<br>Son passage a \u00e9t\u00e9 marqu\u00e9 par un travail tr\u00e8s intense sur de multiples dossiers prioritaires, notamment la question palestinienne et la situation au Moyen-Orient, la lutte contre le terrorisme en Afrique, ainsi que la coop\u00e9ration entre la Ligue des \u00c9tats arabes et l&rsquo;ONU<\/p>\n\n\n\n<p><strong>Focus sur la Palestine et le Moyen-Orient<br><\/strong>L&rsquo;Alg\u00e9rie a organis\u00e9 plusieurs r\u00e9unions d&rsquo;urgence sur la Palestine, dont celle du 3 janvier consacr\u00e9e aux attaques de l&rsquo;arm\u00e9e isra\u00e9lienne contre des infrastructures sanitaires \u00e0 Ghaza. Une autre r\u00e9union minist\u00e9rielle a trait\u00e9 du respect du cessez-le-feu et de la relance du processus politique en Palestine. L&rsquo;Alg\u00e9rie a appel\u00e9 \u00e0 la lev\u00e9e imm\u00e9diate du blocus de Ghaza, au renforcement de la r\u00e9conciliation palestinienne et \u00e0 la consolidation de la solution \u00e0 deux \u00c9tats. Elle a aussi insist\u00e9 sur le r\u00f4le crucial du Conseil de s\u00e9curit\u00e9 pour garantir le respect du droit international et assurer la protection des institutions humanitaires telles que l&rsquo;UNRWA.<br>En ce qui concerne le Liban, elle a plaid\u00e9 pour une coordination accrue entre la Ligue arabe et l&rsquo;ONU afin de pr\u00e9server la stabilit\u00e9 du pays. Pour la Syrie, l&rsquo;Alg\u00e9rie a insist\u00e9 sur la restauration de sa souverainet\u00e9 et de son int\u00e9grit\u00e9 territoriale. En ce qui concerne le Y\u00e9men, elle a encourag\u00e9 une solution politique men\u00e9e par les Y\u00e9m\u00e9nites sous l&rsquo;\u00e9gide des Nations unies, mettant en garde contre les ing\u00e9rences \u00e9trang\u00e8res.<\/p>\n\n\n\n<p><strong>Maintien de la paix et de la s\u00e9curit\u00e9 internationales<br><\/strong>Adopt\u00e9e le 15 janvier 2025, la r\u00e9solution 2768 a poursuivi les efforts du Conseil pour faire face \u00e0 la situation actuelle en mer Rouge, en particulier \u00e0 la menace pos\u00e9e par les rebelles houthis. La r\u00e9solution a soulign\u00e9 l\u2019importance de maintenir la s\u00e9curit\u00e9 des voies de navigation mondiales et a soulign\u00e9 la n\u00e9cessit\u00e9 de rendre des comptes dans les attaques contre les navires commerciaux. Le Conseil a exhort\u00e9 le groupe houthi \u00e0 cesser ses hostilit\u00e9s contre le trafic maritime, appelant au r\u00e9tablissement rapide de la stabilit\u00e9 dans la r\u00e9gion.<br>La r\u00e9solution a \u00e9galement encourag\u00e9 des mesures diplomatiques pour r\u00e9soudre le conflit en cours au Y\u00e9men, parall\u00e8lement \u00e0 des sanctions visant \u00e0 dissuader de nouvelles agressions.<\/p>\n\n\n\n<p><strong>La situation en Libye<br><\/strong>Sur le dossier libyen, l&rsquo;Alg\u00e9rie a organis\u00e9 une r\u00e9union le 15 janvier qui a permis de garantir aux autorit\u00e9s libyennes le droit de r\u00e9investir leurs fonds gel\u00e9s au sein des institutions financi\u00e8res internationales. Elle a \u00e9galement demand\u00e9 la fin des interf\u00e9rences \u00e9trang\u00e8res et la mise en place d&rsquo;une strat\u00e9gie r\u00e9gionale coordonn\u00e9e pour favoriser le processus politique men\u00e9 par les Libyens eux-m\u00eames.<br>Le 16 janvier 2025, le Conseil de s\u00e9curit\u00e9 sous la pr\u00e9sidence de l\u2019Alg\u00e9rie, a adopt\u00e9 la r\u00e9solution 2769, qui met l\u2019accent sur la situation en Libye et r\u00e9affirme l\u2019importance de respecter les sanctions internationales. Le Conseil a appel\u00e9 \u00e0 l\u2019application int\u00e9grale d\u2019un embargo sur les armes, d\u2019interdictions de voyager et de gels d\u2019avoirs visant \u00e0 emp\u00eacher l\u2019afflux d\u2019armes vers des groupes militants et d\u2019autres entit\u00e9s d\u00e9stabilisant le pays.<br>Alors que le paysage politique libyen reste fractur\u00e9, la r\u00e9solution a \u00e9galement soulign\u00e9 la n\u00e9cessit\u00e9 de poursuivre la coop\u00e9ration internationale pour assurer une r\u00e9solution pacifique de la crise.<\/p>\n\n\n\n<p><strong>\u00c9lection \u00e0 la Cour internationale de Justice<br><\/strong>Une autre d\u00e9cision cl\u00e9 prise en janvier a \u00e9t\u00e9 l\u2019adoption de la r\u00e9solution 2770 le 24 janvier 2025, qui a fix\u00e9 la date d\u2019une \u00e9lection pour pourvoir un si\u00e8ge vacant \u00e0 la Cour internationale de Justice (CIJ). Le poste est devenu vacant \u00e0 la suite de la d\u00e9mission du juge Nawaf Salam, et le Conseil de s\u00e9curit\u00e9 a d\u00e9cid\u00e9 d\u2019organiser une \u00e9lection pour son successeur le 27 mai 2025. La r\u00e9solution d\u00e9crit les \u00e9tapes proc\u00e9durales de l\u2019\u00e9lection et souligne l\u2019importance de maintenir la capacit\u00e9 de la CIJ \u00e0 trancher les questions juridiques entre \u00c9tats. Cette d\u00e9cision refl\u00e8te l\u2019engagement continu de l\u2019Alg\u00e9rie \u00e0 soutenir les cadres juridiques internationaux pendant sa pr\u00e9sidence.<\/p>\n\n\n\n<p><strong>D\u00e9claration \u00e0 la presse sur la situation en R\u00e9publique d\u00e9mocratique du Congo<br><\/strong>Le Conseil de s\u00e9curit\u00e9 a \u00e9galement publi\u00e9 une d\u00e9claration \u00e0 la presse le 26 janvier 2025, dans laquelle il s\u2019est dit gravement pr\u00e9occup\u00e9 par la situation en R\u00e9publique d\u00e9mocratique du Congo (RDC). Le Conseil a condamn\u00e9 la poursuite des violences perp\u00e9tr\u00e9es par le groupe rebelle M23 dans l\u2019est du pays, en particulier son offensive \u00e0 Goma. La d\u00e9claration a appel\u00e9 au retrait imm\u00e9diat des forces du M23 de la r\u00e9gion et \u00e0 tous les acteurs ext\u00e9rieurs \u00e0 cesser leur implication dans l\u2019instabilit\u00e9 de la r\u00e9gion.<br>L\u2019Alg\u00e9rie a soulign\u00e9 que la pr\u00e9sence non autoris\u00e9e de forces militaires \u00e9trang\u00e8res en RDC n\u2019a fait qu\u2019exacerber le conflit et a r\u00e9affirm\u00e9 son soutien aux efforts d\u00e9ploy\u00e9s par la Mission de l\u2019Organisation des Nations unies pour la stabilisation en RDC pour stabiliser la situation.<\/p>\n\n\n\n<p><strong>Engagement dans la lutte antiterroriste<br><\/strong>Dans le cadre de cette pr\u00e9sidence, l&rsquo;Alg\u00e9rie a organis\u00e9, le 21 janvier 2025, un d\u00e9bat public sur le th\u00e8me Lutte antiterroriste men\u00e9e par l\u2019Afrique et ax\u00e9e sur le d\u00e9veloppement : renforcer le leadership africain et la mise en \u0153uvre des initiatives africaines de lutte contre le terrorisme. Cette inscription a \u00e9t\u00e9 justifi\u00e9e par le fait que la communaut\u00e9 internationale s&rsquo;\u00e9tait d\u00e9tourn\u00e9e de ce fl\u00e9au persistant en Afrique et par le souhait de l\u2019Alg\u00e9rie de r\u00e9engager la communaut\u00e9 internationale et l&rsquo;amener \u00e0 s&rsquo;int\u00e9resser \u00e0 ce fl\u00e9au, \u00e0 la lumi\u00e8re des r\u00e9cents d\u00e9veloppements.<br>L&rsquo;Alg\u00e9rie, forte de son exp\u00e9rience en mati\u00e8re de lutte contre le terrorisme, a mis l&rsquo;accent sur la n\u00e9cessit\u00e9 d\u2019une approche globale et multidimensionnelle dans la lutte contre les groupes terroristes. Elle a soulign\u00e9 la centralit\u00e9 de la pr\u00e9vention des conflits et la n\u00e9cessit\u00e9 d\u2019agir sur les causes profondes des violences, notamment la pauvret\u00e9, la marginalisation et les violations des droits humains. Lors de sa pr\u00e9sidence, l\u2019Alg\u00e9rie a plaid\u00e9 pour une coordination plus \u00e9troite entre les pays concern\u00e9s, les Nations Unies et les autres partenaires internationaux afin de renforcer l&rsquo;efficacit\u00e9 des mesures prises contre le terrorisme tout en respectant les droits humains et en favorisant le d\u00e9veloppement durable.<br>Le Conseil de s\u00e9curit\u00e9 a valid\u00e9 cette approche et a appel\u00e9 \u00e0 un renforcement des capacit\u00e9s africaines en mati\u00e8re de lutte contre le terrorisme, ainsi qu&rsquo;\u00e0 une collaboration plus \u00e9troite entre l&rsquo;ONU et l&rsquo;Union africaine. Le r\u00f4le de l&rsquo;Alg\u00e9rie dans la mise en place des dispositifs de lutte contre le terrorisme en Afrique a \u00e9t\u00e9 largement salu\u00e9.<\/p>\n\n\n\n<p><strong>La promotion de la diplomatie pr\u00e9ventive et de la paix durable<br><\/strong>Un autre domaine o\u00f9 l\u2019Alg\u00e9rie a laiss\u00e9 une empreinte positive est celui de la diplomatie pr\u00e9ventive. En tant que pays qui a v\u00e9cu l\u2019une des guerres de d\u00e9colonisation les plus violentes, l\u2019Alg\u00e9rie est particuli\u00e8rement sensible aux questions de paix et de r\u00e9conciliation. Elle a ainsi \u0153uvr\u00e9 pour que le Conseil de s\u00e9curit\u00e9 mette en place des m\u00e9canismes plus efficaces pour pr\u00e9venir l\u2019escalade des conflits, en mettant l\u2019accent sur l&rsquo;importance de la m\u00e9diation et du dialogue inclusif dans les zones de tension. L\u2019Alg\u00e9rie a soutenu l&rsquo;id\u00e9e que des solutions de paix durables n\u00e9cessitent une approche globale qui int\u00e8gre le d\u00e9veloppement \u00e9conomique, la r\u00e9conciliation sociale et la justice. La gestion diplomatique alg\u00e9rienne a \u00e9t\u00e9 particuli\u00e8rement remarqu\u00e9e lors de son face-\u00e0-face avec le repr\u00e9sentant isra\u00e9lien au Conseil de s\u00e9curit\u00e9. Son ambassadeur \u00e0 l\u2019ONU, Amar Bendjama, a adopt\u00e9 une approche nuanc\u00e9e et strat\u00e9gique en rappelant subtilement que c\u2019est la pr\u00e9sidence du Conseil, et non l\u2019Alg\u00e9rie en tant qu&rsquo;\u00c9tat, qui donnait la parole \u00e0 son interlocuteur isra\u00e9lien. Cette ma\u00eetrise du langage diplomatique a \u00e9t\u00e9 salu\u00e9e comme un exemple d\u2019habilet\u00e9 politique.<\/p>\n\n\n\n<p><strong>La d\u00e9fense des droits humains et de la solidarit\u00e9 internationale<br><\/strong>Sous la pr\u00e9sidence alg\u00e9rienne, le Conseil de s\u00e9curit\u00e9 a \u00e9galement abord\u00e9 la question des droits humains dans le cadre des conflits internationaux. L\u2019Alg\u00e9rie a rappel\u00e9 que la protection des civils en p\u00e9riode de guerre doit \u00eatre une priorit\u00e9, et que les Nations Unies doivent renforcer leur capacit\u00e9 \u00e0 surveiller et \u00e0 rendre des comptes en mati\u00e8re de violations des droits humains. De plus, l\u2019Alg\u00e9rie a r\u00e9affirm\u00e9 l\u2019importance de la solidarit\u00e9 internationale dans la gestion des crises humanitaires, plaidant pour une aide plus rapide et plus coordonn\u00e9e aux populations affect\u00e9es par les conflits.<\/p>\n\n\n\n<p><strong>Un plaidoyer pour le multilat\u00e9ralisme et la souverainet\u00e9 nationale<br><\/strong>Dans un monde o\u00f9 la comp\u00e9tition g\u00e9opolitique et les divisions entre grandes puissances sont croissantes, l&rsquo;Alg\u00e9rie, sous la conduit du pr\u00e9sident Tebboune, a d\u00e9fendu le multilat\u00e9ralisme comme un principe fondamental de la gouvernance internationale. Elle a r\u00e9affirm\u00e9 son engagement envers les valeurs de la Charte des Nations Unies, notamment le respect de la souverainet\u00e9 nationale et l&rsquo;\u00e9galit\u00e9 des \u00c9tats. Ce positionnement a renforc\u00e9 l\u2019id\u00e9e que la coop\u00e9ration internationale doit s\u2019appuyer sur le respect mutuel et sur la recherche de solutions collectives plut\u00f4t que sur des actions unilat\u00e9rales. L&rsquo;Alg\u00e9rie a \u00e9galement mis l&rsquo;accent sur la n\u00e9cessit\u00e9 d\u2019une r\u00e9forme du Conseil de s\u00e9curit\u00e9, afin de rendre son fonctionnement plus transparent et repr\u00e9sentatif des r\u00e9alit\u00e9s du XXIe si\u00e8cle<br>La pr\u00e9sidence tournante de l\u2019Alg\u00e9rie au Conseil de s\u00e9curit\u00e9 de l\u2019ONU ne s\u2019est pas limit\u00e9e \u00e0 un simple prestige symbolique, mais a constitu\u00e9 une opportunit\u00e9 majeure pour affirmer son r\u00f4le central dans les affaires internationales. Son leadership a \u00e9t\u00e9 un levier essentiel pour promouvoir des solutions pacifiques et inclusives aux crises mondiales, notamment en Afrique.<br>L\u2019Alg\u00e9rie a marqu\u00e9 son mandat par un engagement constant sur des dossiers strat\u00e9giques li\u00e9s \u00e0 la paix, \u00e0 la s\u00e9curit\u00e9 et aux droits des peuples. Par son travail acharn\u00e9 et sa d\u00e9termination, elle a su imposer une vision fond\u00e9e sur le respect du droit international et la d\u00e9fense des causes justes. Son action a \u00e9t\u00e9 unanimement salu\u00e9e pour son efficacit\u00e9, son pragmatisme et son r\u00f4le cl\u00e9 dans la consolidation de la stabilit\u00e9 en Afrique, au Moyen-Orient et au-del\u00e0. Cette pr\u00e9sidence a ainsi renforc\u00e9 son influence sur la sc\u00e8ne internationale, affirmant son statut d\u2019acteur incontournable. <br><strong>C. L.<\/strong><\/p>\n\n\n\n<h2 class=\"wp-block-heading\">La Chine assume la pr\u00e9sidence du Conseil de s\u00e9curit\u00e9 de l\u2019ONU pour le mois en cours<\/h2>\n\n\n\n<p>La Chine a assum\u00e9 depuis hier la pr\u00e9sidence tournante du Conseil de s\u00e9curit\u00e9 des Nations unies pour le mois de f\u00e9vrier, succ\u00e9dant \u00e0 l\u2019Alg\u00e9rie.<br>Le repr\u00e9sentant permanent de la Chine aupr\u00e8s des Nations unies, Fu Cong, tiendra une conf\u00e9rence de presse lundi prochain, au cours<br>de laquelle il informera la presse accr\u00e9dit\u00e9e du programme de travail du Conseil apr\u00e8s son adoption par ce dernier lors d\u2019une session matinale.<br>L\u2019Alg\u00e9rie avait pr\u00e9sid\u00e9 en janvier le Conseil de s\u00e9curit\u00e9 de l\u2019ONU. Sa pr\u00e9sidence a \u00e9t\u00e9 marqu\u00e9e par des efforts inlassables en faveur de la d\u00e9fense des causes justes et des questions li\u00e9es \u00e0 la paix et la s\u00e9curit\u00e9 internationales notamment en Afrique.<\/p>\n","protected":false},"excerpt":{"rendered":"<p>L&rsquo;Alg\u00e9rie a achev\u00e9 son mandat \u00e0 la t\u00eate du Conseil de s\u00e9curit\u00e9 des Nations unies, laissant la place \u00e0 la Chine pour le mois en cours, conform\u00e9ment aux r\u00e8glements de cette instance internationale. Pendant son court et intense passage \u00e0 la pr\u00e9sidence du Conseil en janvier, l&rsquo;Alg\u00e9rie a su imposer [&hellip;]<\/p>\n","protected":false},"author":3,"featured_media":29388,"comment_status":"closed","ping_status":"closed","sticky":false,"template":"","format":"standard","meta":{"footnotes":""},"categories":[36],"tags":[306,237],"class_list":["post-29383","post","type-post","status-publish","format-standard","has-post-thumbnail","hentry","category-actualites","tag-algerie","tag-conseil-de-securite"],"_links":{"self":[{"href":"https:\/\/alger16.dz\/index.php?rest_route=\/wp\/v2\/posts\/29383","targetHints":{"allow":["GET"]}}],"collection":[{"href":"https:\/\/alger16.dz\/index.php?rest_route=\/wp\/v2\/posts"}],"about":[{"href":"https:\/\/alger16.dz\/index.php?rest_route=\/wp\/v2\/types\/post"}],"author":[{"embeddable":true,"href":"https:\/\/alger16.dz\/index.php?rest_route=\/wp\/v2\/users\/3"}],"replies":[{"embeddable":true,"href":"https:\/\/alger16.dz\/index.php?rest_route=%2Fwp%2Fv2%2Fcomments&post=29383"}],"version-history":[{"count":2,"href":"https:\/\/alger16.dz\/index.php?rest_route=\/wp\/v2\/posts\/29383\/revisions"}],"predecessor-version":[{"id":29440,"href":"https:\/\/alger16.dz\/index.php?rest_route=\/wp\/v2\/posts\/29383\/revisions\/29440"}],"wp:featuredmedia":[{"embeddable":true,"href":"https:\/\/alger16.dz\/index.php?rest_route=\/wp\/v2\/media\/29388"}],"wp:attachment":[{"href":"https:\/\/alger16.dz\/index.php?rest_route=%2Fwp%2Fv2%2Fmedia&parent=29383"}],"wp:term":[{"taxonomy":"category","embeddable":true,"href":"https:\/\/alger16.dz\/index.php?rest_route=%2Fwp%2Fv2%2Fcategories&post=29383"},{"taxonomy":"post_tag","embeddable":true,"href":"https:\/\/alger16.dz\/index.php?rest_route=%2Fwp%2Fv2%2Ftags&post=29383"}],"curies":[{"name":"wp","href":"https:\/\/api.w.org\/{rel}","templated":true}]}}