{"id":29844,"date":"2025-02-04T08:46:42","date_gmt":"2025-02-04T08:46:42","guid":{"rendered":"https:\/\/alger16.dz\/?p=29844"},"modified":"2025-02-04T08:46:43","modified_gmt":"2025-02-04T08:46:43","slug":"crise-securitaire-au-sahel-la-resolution-necessite-une-reponse-politique-a-multiples-facettes","status":"publish","type":"post","link":"https:\/\/alger16.dz\/?p=29844","title":{"rendered":"Crise s\u00e9curitaire au Sahel: la r\u00e9solution n\u00e9cessite une r\u00e9ponse politique \u00e0 multiples facettes"},"content":{"rendered":"\n<figure class=\"wp-block-image\"><img decoding=\"async\" src=\"https:\/\/www.aps.dz\/media\/k2\/items\/cache\/7c80be06c208191130ff38d7085c82fb_M.jpg\" alt=\"Crise s\u00e9curitaire au Sahel: la r\u00e9solution n\u00e9cessite une r\u00e9ponse politique \u00e0 multiples facettes\"\/><\/figure>\n\n\n\n<p><strong>La r\u00e9solution de la crise grandissante au Sahel n\u00e9cessite \u00ab\u00a0une r\u00e9ponse politique \u00e0 multiples facettes\u00a0\u00bb, a affirm\u00e9, lundi \u00e0 Alger, Alex Vines, directeur du programme Afrique au sein du think tank britannique Chatham House, soulignant la n\u00e9cessit\u00e9 d&rsquo;engager une \u00ab\u00a0nouvelle r\u00e9flexion\u00a0\u00bb dans ce sens.<\/strong><\/p>\n\n\n\n<p>\u00ab\u00a0Une strat\u00e9gie efficace pour stabiliser la r\u00e9gion devrait donc donner la priorit\u00e9 \u00e0 la r\u00e9ponse humanitaire et aux projets de d\u00e9veloppement de petite envergure, \u00e0 l&rsquo;\u00e9chelle sous-nationale, dans les zones touch\u00e9es par l&rsquo;ins\u00e9curit\u00e9\u00a0\u00bb, a-t-il soulign\u00e9 lors d&rsquo;une conf\u00e9rence organis\u00e9e par l&rsquo;Institut diplomatique et des relations internationales (IDRI) sous le th\u00e8me \u00ab\u00a0L&rsquo;Afrique de l&rsquo;Ouest et le Sahel: lutter contre le terrorisme, les coups d&rsquo;Etat et l&rsquo;instabilit\u00e9\u00a0\u00bb.<\/p>\n\n\n\n<p>Selon M. Vines, les efforts pour contrer le radicalisme qui vont au-del\u00e0 de la simple r\u00e9ponse s\u00e9curitaire \u00ab\u00a0ont d\u00e9j\u00e0 montr\u00e9 leur efficacit\u00e9 et doivent \u00eatre soutenus\u00a0\u00bb.<\/p>\n\n\n\n<p><iframe loading=\"lazy\" width=\"560\" height=\"315\" src=\"https:\/\/www.youtube.com\/embed\/PRql2VurAvo?si=YIcZMpmZ7yf1xDqs\" title=\"YouTube video player\" frameborder=\"0\" allow=\"accelerometer; autoplay; clipboard-write; encrypted-media; gyroscope; picture-in-picture; web-share\" referrerpolicy=\"strict-origin-when-cross-origin\" allowfullscreen=\"\"><\/iframe><\/p>\n\n\n\n<p>Des approches ont d\u00e9j\u00e0 \u00e9t\u00e9 mises en \u0153uvre, a ajout\u00e9 ce chercheur, citant l&rsquo;exemple de la C\u00f4te d&rsquo;Ivoire qui a lanc\u00e9, en 2022, son \u00ab\u00a0Programme sp\u00e9cial du Nord\u00a0\u00bb, qui allie une pr\u00e9sence s\u00e9curitaire traditionnelle \u00e0 des investissements dans les infrastructures publiques et des programmes sociaux pour les jeunes sans emploi du nord du pays.<\/p>\n\n\n\n<p>Il a salu\u00e9, \u00e0 ce titre, les efforts de l&rsquo;Alg\u00e9rie en mati\u00e8re de lutte contre le terrorisme et son r\u00f4le \u00ab\u00a0important\u00a0\u00bb au Conseil de s\u00e9curit\u00e9 de l&rsquo;ONU, ainsi que ceux du Mozambique qui \u00ab\u00a0offre un exemple de stabilisation post-conflit r\u00e9ussi\u00a0\u00bb, obtenu gr\u00e2ce \u00e0 \u00ab\u00a0la combinaison du d\u00e9sarmement et de la d\u00e9mobilisation\u00a0\u00bb, associ\u00e9e \u00e0 la r\u00e9solution de probl\u00e8mes de longue date li\u00e9s \u00e0 la marginalisation politique et \u00e0 l&rsquo;in\u00e9galit\u00e9.<\/p>\n\n\n\n<p>Par ailleurs, ce chercheur juge \u00ab\u00a0essentiel\u00a0\u00bb de \u00ab\u00a0revitaliser\u00a0\u00bb le contrat social en s&rsquo;attaquant aux probl\u00e8mes et en proposant des am\u00e9liorations des conditions de vie et du mode de gouvernance.<\/p>\n\n\n\n<p>Il a, en outre, critiqu\u00e9 la \u00ab\u00a0militarisation quasi-totale\u00a0\u00bb de la politique sah\u00e9lienne par des acteurs ext\u00e9rieurs tels que la France, soutenant que son approche a \u00e9t\u00e9 \u00ab\u00a0contre-productive\u00a0\u00bb dans la lutte contre la violence dont les causes profondes sont \u00ab\u00a0la marginalisation et la p\u00e9nurie\u00a0\u00bb.<\/p>\n\n\n\n<p>Pour M. Vines, si l&rsquo;ins\u00e9curit\u00e9 s&rsquo;est r\u00e9pandue dans la majeure partie de la r\u00e9gion du Sahel et en Afrique de l&rsquo;Ouest, c&rsquo;est parce que la r\u00e9gion \u00e9tait d\u00e9j\u00e0 confront\u00e9e \u00e0 la fragilit\u00e9, aggrav\u00e9e par une convergence de d\u00e9fis, notamment le changement climatique, les changements d\u00e9mographiques et les d\u00e9faillances de la gouvernance, qui entravaient un d\u00e9veloppement \u00e9quitable et la croissance \u00e9conomique.<\/p>\n\n\n\n<p>\u00ab\u00a0Malgr\u00e9 son potentiel \u00e9conomique, le Sahel est la r\u00e9gion du monde qui conna\u00eet le plus grand nombre de conflits arm\u00e9s et de crises. Il est juste de dire que la r\u00e9gion abrite un arc d&rsquo;instabilit\u00e9 ou une ceinture de coups d&rsquo;Etat, qui s&rsquo;\u00e9tend de l&rsquo;oc\u00e9an Atlantique \u00e0 la mer Rouge, avec des conflits arm\u00e9s et des crises multidimensionnelles qui continuent d&rsquo;affecter\u00a0\u00bb plusieurs pays, a-t-il soulign\u00e9, pr\u00e9cisant que cette situation a entra\u00een\u00e9 le d\u00e9placement d&rsquo;environ sept millions de personnes.<\/p>\n\n\n\n<p>Relevant que le terrorisme se d\u00e9veloppe dans certaines r\u00e9gions d&rsquo;Afrique \u00e0 un rythme \u00ab\u00a0alarmant\u00a0\u00bb, ce chercheur estime que le maintien de la paix traditionnel des Nations unies n&rsquo;est \u00ab\u00a0pas compatible\u00a0\u00bb avec les d\u00e9fis du terrorisme asym\u00e9trique et transnational auxquels l&rsquo;Afrique est confront\u00e9e aujourd&rsquo;hui.<\/p>\n\n\n\n<p>Il a mis l&rsquo;accent, ainsi, sur l&rsquo;importance d&rsquo;aborder les dimensions \u00ab\u00a0r\u00e9gionales et transnationales\u00a0\u00bb de la crise de la s\u00e9curit\u00e9 et de la d\u00e9mocratie en Afrique de l&rsquo;Ouest.<\/p>\n","protected":false},"excerpt":{"rendered":"<p>La r\u00e9solution de la crise grandissante au Sahel n\u00e9cessite \u00ab\u00a0une r\u00e9ponse politique \u00e0 multiples facettes\u00a0\u00bb, a affirm\u00e9, lundi \u00e0 Alger, Alex Vines, directeur du programme Afrique au sein du think tank britannique Chatham House, soulignant la n\u00e9cessit\u00e9 d&rsquo;engager une \u00ab\u00a0nouvelle r\u00e9flexion\u00a0\u00bb dans ce sens. \u00ab\u00a0Une strat\u00e9gie efficace pour stabiliser la [&hellip;]<\/p>\n","protected":false},"author":3,"featured_media":29845,"comment_status":"closed","ping_status":"closed","sticky":false,"template":"","format":"standard","meta":{"footnotes":""},"categories":[65],"tags":[267],"class_list":["post-29844","post","type-post","status-publish","format-standard","has-post-thumbnail","hentry","category-monde","tag-sahel"],"_links":{"self":[{"href":"https:\/\/alger16.dz\/index.php?rest_route=\/wp\/v2\/posts\/29844","targetHints":{"allow":["GET"]}}],"collection":[{"href":"https:\/\/alger16.dz\/index.php?rest_route=\/wp\/v2\/posts"}],"about":[{"href":"https:\/\/alger16.dz\/index.php?rest_route=\/wp\/v2\/types\/post"}],"author":[{"embeddable":true,"href":"https:\/\/alger16.dz\/index.php?rest_route=\/wp\/v2\/users\/3"}],"replies":[{"embeddable":true,"href":"https:\/\/alger16.dz\/index.php?rest_route=%2Fwp%2Fv2%2Fcomments&post=29844"}],"version-history":[{"count":1,"href":"https:\/\/alger16.dz\/index.php?rest_route=\/wp\/v2\/posts\/29844\/revisions"}],"predecessor-version":[{"id":29846,"href":"https:\/\/alger16.dz\/index.php?rest_route=\/wp\/v2\/posts\/29844\/revisions\/29846"}],"wp:featuredmedia":[{"embeddable":true,"href":"https:\/\/alger16.dz\/index.php?rest_route=\/wp\/v2\/media\/29845"}],"wp:attachment":[{"href":"https:\/\/alger16.dz\/index.php?rest_route=%2Fwp%2Fv2%2Fmedia&parent=29844"}],"wp:term":[{"taxonomy":"category","embeddable":true,"href":"https:\/\/alger16.dz\/index.php?rest_route=%2Fwp%2Fv2%2Fcategories&post=29844"},{"taxonomy":"post_tag","embeddable":true,"href":"https:\/\/alger16.dz\/index.php?rest_route=%2Fwp%2Fv2%2Ftags&post=29844"}],"curies":[{"name":"wp","href":"https:\/\/api.w.org\/{rel}","templated":true}]}}