{"id":41777,"date":"2025-06-13T15:53:20","date_gmt":"2025-06-13T15:53:20","guid":{"rendered":"https:\/\/alger16.dz\/?p=41777"},"modified":"2025-06-13T15:53:25","modified_gmt":"2025-06-13T15:53:25","slug":"le-president-de-la-republique-accorde-un-interet-particulier-aux-radios-locales-et-a-leur-developpement","status":"publish","type":"post","link":"https:\/\/alger16.dz\/?p=41777","title":{"rendered":"Le pr\u00e9sident de la R\u00e9publique accorde un int\u00e9r\u00eat particulier aux radios locales et \u00e0 leur d\u00e9veloppement"},"content":{"rendered":"\n<figure class=\"wp-block-image size-full\"><img loading=\"lazy\" decoding=\"async\" width=\"580\" height=\"350\" src=\"https:\/\/alger16.dz\/wp-content\/uploads\/2025\/06\/image-120.png\" alt=\"\" class=\"wp-image-41778\" srcset=\"https:\/\/alger16.dz\/wp-content\/uploads\/2025\/06\/image-120.png 580w, https:\/\/alger16.dz\/wp-content\/uploads\/2025\/06\/image-120-300x181.png 300w\" sizes=\"auto, (max-width: 580px) 100vw, 580px\" \/><\/figure>\n\n\n\n<p><strong>Le ministre de la Communication, M. Mohamed Meziane, a indiqu\u00e9, vendredi \u00e0 Bechar, que le pr\u00e9sident de la R\u00e9publique, M. Abdelmadjid Tebboune, accordait un int\u00e9r\u00eat particulier aux radios locales et \u00e0 leur d\u00e9veloppement, de par leur apport au d\u00e9veloppement local et de leur proximit\u00e9 du citoyen.<\/strong><\/p>\n\n\n\n<p>\u00ab\u00a0Le pr\u00e9sident de la R\u00e9publique, M. Abdelmadjid Tebboune, accorde un int\u00e9r\u00eat particulier au d\u00e9veloppement et \u00e0 la modernisation des radios, comme c\u2019est le cas de celle de Bechar et B\u00e9ni-Abb\u00e8s, qui est une radio locale pionni\u00e8re et avant-gardiste\u00a0\u00bb, a-t-il affirm\u00e9, en marge de la c\u00e9r\u00e9monie d\u2019inauguration officielle du nouveau si\u00e8ge de cette Radio locale, la premi\u00e8re du genre \u00e0 avoir \u00e9t\u00e9 cr\u00e9\u00e9e dans le pays, le 20 avril 1991, et du centre radiophonique du chef-lieu de B\u00e9ni-Abb\u00e8s.<\/p>\n\n\n\n<p>L\u2019inauguration de ce nouveau si\u00e8ge de la Radio de Bechar et du centre radiophonique de B\u00e9ni-Abb\u00e8s intervient dans le cadre des efforts d\u00e9ploy\u00e9s pour l\u2019am\u00e9lioration des conditions de travail des journalistes, producteurs et autres techniciens de cette radio locale, au titre des actions et op\u00e9rations de d\u00e9veloppement et de modernisation des structures locales de ce m\u00e9dia, a-t-il expliqu\u00e9.<\/p>\n\n\n\n<p>\u00ab\u00a0A travers cette inauguration, l\u2019Etat contribue aussi au renforcement et au d\u00e9veloppement du service public de l\u2019information et du droit de l\u2019acc\u00e8s des citoyens \u00e0 l\u2019information l\u00e0 o\u00f9 ils se trouvent\u00a0\u00bb, a-t-il soulign\u00e9.<\/p>\n\n\n\n<p>Et d\u2019ajouter que ce genre de m\u00e9dias locaux sont \u00ab\u00a0une exigence strat\u00e9gique\u00a0\u00bb, car ils fournissent des informations proches du citoyen et constituent un levier important pour le d\u00e9veloppement local.<\/p>\n\n\n\n<p>De son c\u00f4t\u00e9, le directeur g\u00e9n\u00e9ral de la Radio nationale, Adel Salakdji, a affirm\u00e9 que l\u2019inauguration du nouveau si\u00e8ge de la Radio locale de Bechar et B\u00e9ni-Abb\u00e8s s\u2019inscrit dans le cadre des efforts de modernisation et de renforcement des structures de la Radio nationale, notamment les radios locales, et ce gr\u00e2ce aussi aux contributions des autorit\u00e9s des wilayas de Bechar et B\u00e9ni-Abb\u00e8s.<\/p>\n\n\n\n<p>Le ministre de la Communication, accompagn\u00e9 des autorit\u00e9s des wilayas de Bechar et B\u00e9ni-Abb\u00e8s, du DG de la Radio nationale et de cadres de son minist\u00e8re, a visit\u00e9 les diff\u00e9rentes structures r\u00e9dactionnelles et techniques de la Radio locale, o\u00f9 des explications lui ont \u00e9t\u00e9 fournies sur son fonctionnement et sa programmation quotidienne sur une tranche horaire de 12 heures.<\/p>\n\n\n\n<p>Le ministre de la Communication a achev\u00e9 sa visite de travail d\u2019une journ\u00e9e dans la wilaya par une c\u00e9r\u00e9monie de mise en terre de plusieurs plants devant le nouveau si\u00e8ge de la Radio locale.<\/p>\n","protected":false},"excerpt":{"rendered":"<p>Le ministre de la Communication, M. Mohamed Meziane, a indiqu\u00e9, vendredi \u00e0 Bechar, que le pr\u00e9sident de la R\u00e9publique, M. Abdelmadjid Tebboune, accordait un int\u00e9r\u00eat particulier aux radios locales et \u00e0 leur d\u00e9veloppement, de par leur apport au d\u00e9veloppement local et de leur proximit\u00e9 du citoyen. \u00ab\u00a0Le pr\u00e9sident de la [&hellip;]<\/p>\n","protected":false},"author":3,"featured_media":41778,"comment_status":"closed","ping_status":"open","sticky":false,"template":"","format":"standard","meta":{"footnotes":""},"categories":[36],"tags":[228,3094],"class_list":["post-41777","post","type-post","status-publish","format-standard","has-post-thumbnail","hentry","category-actualites","tag-abdelmadjid-tebboune","tag-ohamed-meziane"],"_links":{"self":[{"href":"https:\/\/alger16.dz\/index.php?rest_route=\/wp\/v2\/posts\/41777","targetHints":{"allow":["GET"]}}],"collection":[{"href":"https:\/\/alger16.dz\/index.php?rest_route=\/wp\/v2\/posts"}],"about":[{"href":"https:\/\/alger16.dz\/index.php?rest_route=\/wp\/v2\/types\/post"}],"author":[{"embeddable":true,"href":"https:\/\/alger16.dz\/index.php?rest_route=\/wp\/v2\/users\/3"}],"replies":[{"embeddable":true,"href":"https:\/\/alger16.dz\/index.php?rest_route=%2Fwp%2Fv2%2Fcomments&post=41777"}],"version-history":[{"count":1,"href":"https:\/\/alger16.dz\/index.php?rest_route=\/wp\/v2\/posts\/41777\/revisions"}],"predecessor-version":[{"id":41779,"href":"https:\/\/alger16.dz\/index.php?rest_route=\/wp\/v2\/posts\/41777\/revisions\/41779"}],"wp:featuredmedia":[{"embeddable":true,"href":"https:\/\/alger16.dz\/index.php?rest_route=\/wp\/v2\/media\/41778"}],"wp:attachment":[{"href":"https:\/\/alger16.dz\/index.php?rest_route=%2Fwp%2Fv2%2Fmedia&parent=41777"}],"wp:term":[{"taxonomy":"category","embeddable":true,"href":"https:\/\/alger16.dz\/index.php?rest_route=%2Fwp%2Fv2%2Fcategories&post=41777"},{"taxonomy":"post_tag","embeddable":true,"href":"https:\/\/alger16.dz\/index.php?rest_route=%2Fwp%2Fv2%2Ftags&post=41777"}],"curies":[{"name":"wp","href":"https:\/\/api.w.org\/{rel}","templated":true}]}}