{"id":42208,"date":"2025-06-18T08:41:19","date_gmt":"2025-06-18T08:41:19","guid":{"rendered":"https:\/\/alger16.dz\/?p=42208"},"modified":"2025-08-19T19:43:02","modified_gmt":"2025-08-19T19:43:02","slug":"entrevue-mediatique-entre-le-chef-de-letat-et-des-organes-de-presse-etrangers-la-presidence-dement-et-fustige-la-presse-electronique","status":"publish","type":"post","link":"https:\/\/alger16.dz\/?p=42208","title":{"rendered":"Entrevue m\u00e9diatique entre le chef de l\u2019\u00e9tat et des organes de presse \u00e9trangers : La Pr\u00e9sidence d\u00e9ment et fustige la presse \u00e9lectronique"},"content":{"rendered":"\n<figure class=\"wp-block-image size-full\"><img loading=\"lazy\" decoding=\"async\" width=\"800\" height=\"533\" src=\"https:\/\/alger16.dz\/wp-content\/uploads\/2025\/06\/teb-4.jpg\" alt=\"\" class=\"wp-image-42209\" srcset=\"https:\/\/alger16.dz\/wp-content\/uploads\/2025\/06\/teb-4.jpg 800w, https:\/\/alger16.dz\/wp-content\/uploads\/2025\/06\/teb-4-300x200.jpg 300w, https:\/\/alger16.dz\/wp-content\/uploads\/2025\/06\/teb-4-768x512.jpg 768w\" sizes=\"auto, (max-width: 800px) 100vw, 800px\" \/><\/figure>\n\n\n\n<p>La Direction g\u00e9n\u00e9rale de la communication de la pr\u00e9sidence de la R\u00e9publique a vigoureusement r\u00e9agi, dans un communiqu\u00e9 diffus\u00e9 tard dans la soir\u00e9e de lundi, \u00e0 la circulation d\u2019une fausse interview attribu\u00e9e au Pr\u00e9sident Abdelmadjid Tebboune et pr\u00e9tendument accord\u00e9e \u00e0 des organes de presse fran\u00e7ais. Plusieurs sites \u00e9lectroniques se sont fait le relais de cette information mensong\u00e8re, suscitant une mise au point officielle des plus fermes.<br>D\u00e9mentant avec clart\u00e9 toute implication du chef de l\u2019\u00c9tat dans une quelconque entrevue m\u00e9diatique \u00e9trang\u00e8re, la pr\u00e9sidence a assur\u00e9 que cette fake news provient de groupes hostiles \u00e0 l\u2019Alg\u00e9rie.<br>\u00abDepuis quelques heures, plusieurs comptes sur les r\u00e9seaux sociaux font circuler une pr\u00e9tendue interview du pr\u00e9sident de la R\u00e9publique, M. Abdelmadjid Tebboune, accord\u00e9e \u00e0 des journaux fran\u00e7ais.<br>Cette information, reprise par plusieurs sites d\u2019information \u00e9lectroniques, s\u2019est r\u00e9v\u00e9l\u00e9e \u00eatre une pure fabrication, \u00e9manant de comptes hostiles utilisant la technique de Photoshop pour manipuler l\u2019opinion publique alg\u00e9rienne et internationale\u00bb, pr\u00e9cise la Direction g\u00e9n\u00e9rale de la communication de la pr\u00e9sidence de la R\u00e9publique. Ce cas illustre une nouvelle d\u00e9rive rendue possible par les technologies num\u00e9riques, dans laquelle des individus exploitent les outils de retouche, d\u2019intelligence artificielle et de diffusion virale pour propager de fausses nouvelles. La pr\u00e9sidence n\u2019a pas m\u00e2ch\u00e9 ses mots pour condamner ces agissements \u00abind\u00e9cents et contraires \u00e0 l\u2019\u00e9thique\u00bb. Des pratiques qui proviennent de \u00abmercenaires qui se sp\u00e9cialisent dans la fabrication de fausses informations derri\u00e8re leurs \u00e9crans\u00bb.<\/p>\n\n\n\n<p><strong>Un appel solennel \u00e0 la responsabilit\u00e9 journalistique<br><\/strong>Dans ce contexte de prolif\u00e9ration d\u2019informations falsifi\u00e9es, la Direction g\u00e9n\u00e9rale de la communication appelle \u00e0 un sursaut de vigilance de la part de l\u2019ensemble des professionnels du secteur m\u00e9diatique. L\u2019appel vise tant les journalistes alg\u00e9riens qu\u2019\u00e9trangers.<br>\u00abV\u00e9rifier la v\u00e9racit\u00e9 de telles informations aupr\u00e8s des sources officielles, faire preuve de vigilance face aux tentatives de d\u00e9sinformation mais aussi s\u2019assurer de l\u2019authenticit\u00e9 des informations avant toute publication\u00bb, conclut le communiqu\u00e9.<br>En effet, il est profond\u00e9ment pr\u00e9occupant que certains professionnels de l\u2019information aient diffus\u00e9 une telle \u00ab\u00a0information\u00a0\u00bb sans s\u2019\u00eatre assur\u00e9s de son authenticit\u00e9 aupr\u00e8s des sources officielles, trahissant ainsi non seulement les principes \u00e9l\u00e9mentaires du journalisme, mais contribuant aussi, sciemment ou non, \u00e0 une entreprise de manipulation de l\u2019opinion publique.<br><strong>G. Salah Eddine<\/strong><\/p>\n","protected":false},"excerpt":{"rendered":"<p>La Direction g\u00e9n\u00e9rale de la communication de la pr\u00e9sidence de la R\u00e9publique a vigoureusement r\u00e9agi, dans un communiqu\u00e9 diffus\u00e9 tard dans la soir\u00e9e de lundi, \u00e0 la circulation d\u2019une fausse interview attribu\u00e9e au Pr\u00e9sident Abdelmadjid Tebboune et pr\u00e9tendument accord\u00e9e \u00e0 des organes de presse fran\u00e7ais. Plusieurs sites \u00e9lectroniques se sont [&hellip;]<\/p>\n","protected":false},"author":3,"featured_media":42209,"comment_status":"closed","ping_status":"open","sticky":false,"template":"","format":"standard","meta":{"footnotes":""},"categories":[36],"tags":[228],"class_list":["post-42208","post","type-post","status-publish","format-standard","has-post-thumbnail","hentry","category-actualites","tag-abdelmadjid-tebboune"],"_links":{"self":[{"href":"https:\/\/alger16.dz\/index.php?rest_route=\/wp\/v2\/posts\/42208","targetHints":{"allow":["GET"]}}],"collection":[{"href":"https:\/\/alger16.dz\/index.php?rest_route=\/wp\/v2\/posts"}],"about":[{"href":"https:\/\/alger16.dz\/index.php?rest_route=\/wp\/v2\/types\/post"}],"author":[{"embeddable":true,"href":"https:\/\/alger16.dz\/index.php?rest_route=\/wp\/v2\/users\/3"}],"replies":[{"embeddable":true,"href":"https:\/\/alger16.dz\/index.php?rest_route=%2Fwp%2Fv2%2Fcomments&post=42208"}],"version-history":[{"count":1,"href":"https:\/\/alger16.dz\/index.php?rest_route=\/wp\/v2\/posts\/42208\/revisions"}],"predecessor-version":[{"id":42210,"href":"https:\/\/alger16.dz\/index.php?rest_route=\/wp\/v2\/posts\/42208\/revisions\/42210"}],"wp:featuredmedia":[{"embeddable":true,"href":"https:\/\/alger16.dz\/index.php?rest_route=\/wp\/v2\/media\/42209"}],"wp:attachment":[{"href":"https:\/\/alger16.dz\/index.php?rest_route=%2Fwp%2Fv2%2Fmedia&parent=42208"}],"wp:term":[{"taxonomy":"category","embeddable":true,"href":"https:\/\/alger16.dz\/index.php?rest_route=%2Fwp%2Fv2%2Fcategories&post=42208"},{"taxonomy":"post_tag","embeddable":true,"href":"https:\/\/alger16.dz\/index.php?rest_route=%2Fwp%2Fv2%2Ftags&post=42208"}],"curies":[{"name":"wp","href":"https:\/\/api.w.org\/{rel}","templated":true}]}}