{"id":42600,"date":"2025-06-22T19:31:36","date_gmt":"2025-06-22T19:31:36","guid":{"rendered":"https:\/\/alger16.dz\/?p=42600"},"modified":"2025-06-22T19:31:41","modified_gmt":"2025-06-22T19:31:41","slug":"le-premier-ministre-recoit-la-ministre-du-developpement-social-du-sultanat-doman","status":"publish","type":"post","link":"https:\/\/alger16.dz\/?p=42600","title":{"rendered":"Le Premier ministre re\u00e7oit la ministre du D\u00e9veloppement social du Sultanat d&rsquo;Oman"},"content":{"rendered":"\n<figure class=\"wp-block-image size-full\"><img loading=\"lazy\" decoding=\"async\" width=\"580\" height=\"350\" src=\"https:\/\/alger16.dz\/wp-content\/uploads\/2025\/06\/image-264.png\" alt=\"\" class=\"wp-image-42601\" srcset=\"https:\/\/alger16.dz\/wp-content\/uploads\/2025\/06\/image-264.png 580w, https:\/\/alger16.dz\/wp-content\/uploads\/2025\/06\/image-264-300x181.png 300w\" sizes=\"auto, (max-width: 580px) 100vw, 580px\" \/><\/figure>\n\n\n\n<p><strong>\u00a0Le Premier ministre, M. Nadir Larbaoui a re\u00e7u, dimanche au Palais du Gouvernement (Alger), la ministre du D\u00e9veloppement social du Sultanat d&rsquo;Oman, Mme Laila Bin Ahmed Bin Awad Al-Najjar, indique un communiqu\u00e9 des services du Premier ministre.<\/strong><\/p>\n\n\n\n<p>Les discussions qui se sont d\u00e9roul\u00e9es en pr\u00e9sence de la ministre de la Solidarit\u00e9 nationale, de la Famille et de la Condition de la femme, Mme Soraya Mouloudji, ont \u00e9t\u00e9 l&rsquo;occasion de \u00ab\u00a0saluer les liens de fraternit\u00e9 et les relations d&rsquo;amiti\u00e9 et de coop\u00e9ration unissant les deux pays fr\u00e8res, qui connaissent une dynamique exceptionnelle gr\u00e2ce \u00e0 la volont\u00e9 des dirigeants des deux pays, le pr\u00e9sident de la R\u00e9publique, M. Abdelmadjid Tebboune et son fr\u00e8re le Sultan d&rsquo;Oman, sa Majest\u00e9 Ha\u00eftham ben Tariq, de promouvoir la coop\u00e9ration bilat\u00e9rale \u00e0 de plus larges perspectives et de renforcer le partenariat fructueux dans divers domaines\u00a0\u00bb, pr\u00e9cise le communiqu\u00e9.<\/p>\n\n\n\n<p>Lors de cette rencontre \u00ab\u00a0l&rsquo;accent a \u00e9t\u00e9 mis sur l&rsquo;importance du d\u00e9veloppement de la coop\u00e9ration entre les deux pays dans le domaine des Affaires sociales, notamment \u00e0 travers l&rsquo;\u00e9change d&rsquo;expertises et d&rsquo;exp\u00e9riences r\u00e9ussies, et l&rsquo;intensification des contacts, ce qui permettra de d\u00e9velopper les services sociaux et de simplifier les proc\u00e9dures pour en&nbsp;b\u00e9n\u00e9ficier\u00a0\u00bb.&nbsp;<\/p>\n","protected":false},"excerpt":{"rendered":"<p>\u00a0Le Premier ministre, M. Nadir Larbaoui a re\u00e7u, dimanche au Palais du Gouvernement (Alger), la ministre du D\u00e9veloppement social du Sultanat d&rsquo;Oman, Mme Laila Bin Ahmed Bin Awad Al-Najjar, indique un communiqu\u00e9 des services du Premier ministre. Les discussions qui se sont d\u00e9roul\u00e9es en pr\u00e9sence de la ministre de la [&hellip;]<\/p>\n","protected":false},"author":3,"featured_media":42601,"comment_status":"closed","ping_status":"open","sticky":false,"template":"","format":"standard","meta":{"footnotes":""},"categories":[36],"tags":[1074,3207,225],"class_list":["post-42600","post","type-post","status-publish","format-standard","has-post-thumbnail","hentry","category-actualites","tag-algerie-oman","tag-laila-bin-ahmed-bin-awad-al-najjar","tag-nadir-larbaoui"],"_links":{"self":[{"href":"https:\/\/alger16.dz\/index.php?rest_route=\/wp\/v2\/posts\/42600","targetHints":{"allow":["GET"]}}],"collection":[{"href":"https:\/\/alger16.dz\/index.php?rest_route=\/wp\/v2\/posts"}],"about":[{"href":"https:\/\/alger16.dz\/index.php?rest_route=\/wp\/v2\/types\/post"}],"author":[{"embeddable":true,"href":"https:\/\/alger16.dz\/index.php?rest_route=\/wp\/v2\/users\/3"}],"replies":[{"embeddable":true,"href":"https:\/\/alger16.dz\/index.php?rest_route=%2Fwp%2Fv2%2Fcomments&post=42600"}],"version-history":[{"count":1,"href":"https:\/\/alger16.dz\/index.php?rest_route=\/wp\/v2\/posts\/42600\/revisions"}],"predecessor-version":[{"id":42602,"href":"https:\/\/alger16.dz\/index.php?rest_route=\/wp\/v2\/posts\/42600\/revisions\/42602"}],"wp:featuredmedia":[{"embeddable":true,"href":"https:\/\/alger16.dz\/index.php?rest_route=\/wp\/v2\/media\/42601"}],"wp:attachment":[{"href":"https:\/\/alger16.dz\/index.php?rest_route=%2Fwp%2Fv2%2Fmedia&parent=42600"}],"wp:term":[{"taxonomy":"category","embeddable":true,"href":"https:\/\/alger16.dz\/index.php?rest_route=%2Fwp%2Fv2%2Fcategories&post=42600"},{"taxonomy":"post_tag","embeddable":true,"href":"https:\/\/alger16.dz\/index.php?rest_route=%2Fwp%2Fv2%2Ftags&post=42600"}],"curies":[{"name":"wp","href":"https:\/\/api.w.org\/{rel}","templated":true}]}}