{"id":4517,"date":"2023-11-06T13:01:47","date_gmt":"2023-11-06T13:01:47","guid":{"rendered":"https:\/\/alger16.dz\/?p=4517"},"modified":"2023-11-06T13:01:49","modified_gmt":"2023-11-06T13:01:49","slug":"energie-arkab-recoit-la-p-dg-de-la-societe-italienne-zhero","status":"publish","type":"post","link":"https:\/\/alger16.dz\/?p=4517","title":{"rendered":"Energie :Arkab re\u00e7oit la P-dg de la soci\u00e9t\u00e9 italienne \u00ab\u00a0ZHERO\u00a0\u00bb"},"content":{"rendered":"\n<p><strong>Le ministre de l&rsquo;Energie et des Mines, Mohamed Arkab a re\u00e7u, lundi, la Pr\u00e9sidente directrice g\u00e9n\u00e9rale (P-dg) de la soci\u00e9t\u00e9 italienne \u00ab\u00a0ZHERO\u00a0\u00bb sp\u00e9cialis\u00e9e dans les \u00e9nergies renouvelables, Alessandra Pasini, avec laquelle il a \u00e9voqu\u00e9 les voies et moyens de renforcer la coop\u00e9ration et de favoriser l&rsquo;investissement dans le domaine des \u00e9nergies nouvelles et renouvelables, a indiqu\u00e9 un communiqu\u00e9 du minist\u00e8re.<\/strong><\/p>\n\n\n\n<figure class=\"wp-block-image size-full\"><img loading=\"lazy\" decoding=\"async\" width=\"580\" height=\"350\" src=\"https:\/\/alger16.dz\/wp-content\/uploads\/2023\/11\/eq-2.jpg\" alt=\"\" class=\"wp-image-4518\" srcset=\"https:\/\/alger16.dz\/wp-content\/uploads\/2023\/11\/eq-2.jpg 580w, https:\/\/alger16.dz\/wp-content\/uploads\/2023\/11\/eq-2-300x181.jpg 300w\" sizes=\"auto, (max-width: 580px) 100vw, 580px\" \/><\/figure>\n\n\n\n<p>Lors de cette rencontre, qui s&rsquo;est d\u00e9roul\u00e9e au si\u00e8ge du minist\u00e8re, en pr\u00e9sence de l&rsquo;ambassadeur d&rsquo;Italie en Alg\u00e9rie et de cadres du minist\u00e8re, les deux parties ont examin\u00e9 les moyens de renforcer la coop\u00e9ration et de favoriser l&rsquo;investissement en mati\u00e8re d&rsquo;\u00e9nergies nouvelles et renouvelables, notamment la production d&rsquo;\u00e9lectricit\u00e9 \u00e0 partir de l&rsquo;\u00e9nergie solaire photovolta\u00efque, l&rsquo;interconnexion \u00e9lectrique avec l&rsquo;Italie et le d\u00e9veloppement de l&rsquo;hydrog\u00e8ne vert et de l&rsquo;ammoniac, pr\u00e9cise le communiqu\u00e9.<\/p>\n\n\n\n<p>A ce propos, M. Arkab a pr\u00e9sent\u00e9 un expos\u00e9 exhaustif sur le programme de d\u00e9veloppement des \u00e9nergies nouvelles et renouvelables en Alg\u00e9rie par le groupe Sonatrach, ainsi que la strat\u00e9gie nationale de d\u00e9veloppement de l&rsquo;hydrog\u00e8ne.<\/p>\n\n\n\n<p>Le ministre a, en outre, affirm\u00e9 la disposition du secteur \u00e0 renforcer la coop\u00e9ration en mati\u00e8re d&rsquo;investissement dans les \u00e9nergies renouvelables, \u00e0 fournir les outils pratiques, techniques et scientifiques, \u00e0 \u00e9changer les exp\u00e9riences et \u00e0 assurer des formations et le transfert de technologies.<\/p>\n\n\n\n<p>De son c\u00f4t\u00e9, Mme Pasini a pr\u00e9sent\u00e9 un expos\u00e9 sur un projet de d\u00e9veloppement des \u00e9nergies renouvelables et de production d&rsquo;\u00e9lectricit\u00e9 verte en Alg\u00e9rie, en s&rsquo;appuyant sur les technologies de pointe.<\/p>\n\n\n\n<p>Au terme de cette rencontre, les deux parties ont convenu de la mise en place d&rsquo;un groupe de travail conjoint en vue d&rsquo;\u00e9tudier tous les aspects du projet pr\u00e9sent\u00e9 par la soci\u00e9t\u00e9 ZHERO, selon le minist\u00e8re.<\/p>\n\n\n\n<p>La soci\u00e9t\u00e9 italienne \u00ab\u00a0ZHERO\u00a0\u00bb est l&rsquo;une des entreprises pionni\u00e8res en mati\u00e8re de d\u00e9veloppement des solutions et des projets d&rsquo;\u00e9nergies nouvelles et renouvelables et de leur stockage, en sus de l&rsquo;interconnexion \u00e9nerg\u00e9tique, de la r\u00e9duction des \u00e9missions de gaz et de la facture de production, ainsi que du soutien du contenu local, en recourant aux technologies de pointe, conclut la m\u00eame source.<\/p>\n","protected":false},"excerpt":{"rendered":"<p>Le ministre de l&rsquo;Energie et des Mines, Mohamed Arkab a re\u00e7u, lundi, la Pr\u00e9sidente directrice g\u00e9n\u00e9rale (P-dg) de la soci\u00e9t\u00e9 italienne \u00ab\u00a0ZHERO\u00a0\u00bb sp\u00e9cialis\u00e9e dans les \u00e9nergies renouvelables, Alessandra Pasini, avec laquelle il a \u00e9voqu\u00e9 les voies et moyens de renforcer la coop\u00e9ration et de favoriser l&rsquo;investissement dans le domaine des [&hellip;]<\/p>\n","protected":false},"author":3,"featured_media":4518,"comment_status":"open","ping_status":"open","sticky":false,"template":"","format":"standard","meta":{"footnotes":""},"categories":[63,62],"tags":[],"class_list":["post-4517","post","type-post","status-publish","format-standard","has-post-thumbnail","hentry","category-economie","category-le-savez-vous"],"_links":{"self":[{"href":"https:\/\/alger16.dz\/index.php?rest_route=\/wp\/v2\/posts\/4517","targetHints":{"allow":["GET"]}}],"collection":[{"href":"https:\/\/alger16.dz\/index.php?rest_route=\/wp\/v2\/posts"}],"about":[{"href":"https:\/\/alger16.dz\/index.php?rest_route=\/wp\/v2\/types\/post"}],"author":[{"embeddable":true,"href":"https:\/\/alger16.dz\/index.php?rest_route=\/wp\/v2\/users\/3"}],"replies":[{"embeddable":true,"href":"https:\/\/alger16.dz\/index.php?rest_route=%2Fwp%2Fv2%2Fcomments&post=4517"}],"version-history":[{"count":1,"href":"https:\/\/alger16.dz\/index.php?rest_route=\/wp\/v2\/posts\/4517\/revisions"}],"predecessor-version":[{"id":4519,"href":"https:\/\/alger16.dz\/index.php?rest_route=\/wp\/v2\/posts\/4517\/revisions\/4519"}],"wp:featuredmedia":[{"embeddable":true,"href":"https:\/\/alger16.dz\/index.php?rest_route=\/wp\/v2\/media\/4518"}],"wp:attachment":[{"href":"https:\/\/alger16.dz\/index.php?rest_route=%2Fwp%2Fv2%2Fmedia&parent=4517"}],"wp:term":[{"taxonomy":"category","embeddable":true,"href":"https:\/\/alger16.dz\/index.php?rest_route=%2Fwp%2Fv2%2Fcategories&post=4517"},{"taxonomy":"post_tag","embeddable":true,"href":"https:\/\/alger16.dz\/index.php?rest_route=%2Fwp%2Fv2%2Ftags&post=4517"}],"curies":[{"name":"wp","href":"https:\/\/api.w.org\/{rel}","templated":true}]}}