{"id":45793,"date":"2025-07-24T00:51:00","date_gmt":"2025-07-24T00:51:00","guid":{"rendered":"https:\/\/alger16.dz\/?p=45793"},"modified":"2025-07-24T14:52:41","modified_gmt":"2025-07-24T14:52:41","slug":"basket-ball-nba-a-31-ans-alex-abrines-annonce-sa-retraite","status":"publish","type":"post","link":"https:\/\/alger16.dz\/?p=45793","title":{"rendered":"Basket-ball &#8211; NBA : \u00c0 31 ans, Alex Abrines annonce sa retraite"},"content":{"rendered":"\n<figure class=\"wp-block-image size-full\"><img loading=\"lazy\" decoding=\"async\" width=\"624\" height=\"368\" src=\"https:\/\/alger16.dz\/wp-content\/uploads\/2025\/07\/image-519.png\" alt=\"\" class=\"wp-image-45794\" srcset=\"https:\/\/alger16.dz\/wp-content\/uploads\/2025\/07\/image-519.png 624w, https:\/\/alger16.dz\/wp-content\/uploads\/2025\/07\/image-519-300x177.png 300w\" sizes=\"auto, (max-width: 624px) 100vw, 624px\" \/><\/figure>\n\n\n\n<p><strong>\u00c0 l\u2019approche de ses 32 ans, qu\u2019il c\u00e9l\u00e9brera le 1er ao\u00fbt, Alex Abrines a annonc\u00e9 sa retraite sportive via les r\u00e9seaux sociaux, mettant un terme \u00e0 son contrat avec le FC Barcelone, pourtant valable jusqu\u2019en 2026.<\/strong><\/p>\n\n\n\n<p>\u00abChers fans, il est temps pour moi de refermer un chapitre tr\u00e8s important de ma vie. Apr\u00e8s de nombreuses ann\u00e9es pass\u00e9es dans le basket professionnel, j\u2019ai pris la d\u00e9cision, difficile mais r\u00e9fl\u00e9chie, de prendre ma retraite. Le basket m\u2019a tout apport\u00e9 : des moments inoubliables, des amiti\u00e9s devenues fraternelles, des victoires, des d\u00e9faites, des le\u00e7ons\u2026 et surtout, votre soutien sans faille.\u00bb<br>Form\u00e9 \u00e0 Malaga, Abrines avait rejoint le Bar\u00e7a en 2012, avant d\u2019\u00eatre s\u00e9lectionn\u00e9 en 32e position \u00e0 la Draft NBA 2013 par le Thunder d\u2019Oklahoma City. Il avait rejoint la NBA en 2016, pour trois saisons seulement, avant de revenir en Catalogne. Comme Ricky Rubio, il a connu des \u00e9pisodes de d\u00e9pression durant son passage outre-Atlantique.<br>\u00abLe basket restera toujours dans ma vie, mais il est temps pour moi de me consacrer \u00e0 ma famille et de commencer un nouveau chapitre. Merci pour votre soutien ind\u00e9fectible. Merci d\u2019avoir partag\u00e9 ce voyage avec moi.\u00bb<br>Au moment de raccrocher, Alex Abrines laisse derri\u00e8re lui un beau palmar\u00e8s : trois titres de champion d\u2019Espagne (2014, 2021, 2023) et deux m\u00e9dailles de bronze avec la s\u00e9lection espagnole, obtenues aux Jeux olympiques de 2016 et \u00e0 l\u2019EuroBasket 2017.<br>Avec 474 tirs \u00e0 trois points r\u00e9ussis en Liga ACB (\u00e0 41,5 % de r\u00e9ussite), il occupe la troisi\u00e8me place du classement historique du FC Barcelone dans ce domaine, derri\u00e8re les l\u00e9gendes Juan Carlos Navarro (907) et Juan Antonio \u00abEpi\u00bb San Epifanio (627).<br><strong>A.Amine<\/strong><\/p>\n","protected":false},"excerpt":{"rendered":"<p>\u00c0 l\u2019approche de ses 32 ans, qu\u2019il c\u00e9l\u00e9brera le 1er ao\u00fbt, Alex Abrines a annonc\u00e9 sa retraite sportive via les r\u00e9seaux sociaux, mettant un terme \u00e0 son contrat avec le FC Barcelone, pourtant valable jusqu\u2019en 2026. \u00abChers fans, il est temps pour moi de refermer un chapitre tr\u00e8s important de [&hellip;]<\/p>\n","protected":false},"author":3,"featured_media":45794,"comment_status":"closed","ping_status":"open","sticky":false,"template":"","format":"standard","meta":{"footnotes":""},"categories":[61],"tags":[552,499],"class_list":["post-45793","post","type-post","status-publish","format-standard","has-post-thumbnail","hentry","category-sport","tag-basket-ball","tag-nba"],"_links":{"self":[{"href":"https:\/\/alger16.dz\/index.php?rest_route=\/wp\/v2\/posts\/45793","targetHints":{"allow":["GET"]}}],"collection":[{"href":"https:\/\/alger16.dz\/index.php?rest_route=\/wp\/v2\/posts"}],"about":[{"href":"https:\/\/alger16.dz\/index.php?rest_route=\/wp\/v2\/types\/post"}],"author":[{"embeddable":true,"href":"https:\/\/alger16.dz\/index.php?rest_route=\/wp\/v2\/users\/3"}],"replies":[{"embeddable":true,"href":"https:\/\/alger16.dz\/index.php?rest_route=%2Fwp%2Fv2%2Fcomments&post=45793"}],"version-history":[{"count":1,"href":"https:\/\/alger16.dz\/index.php?rest_route=\/wp\/v2\/posts\/45793\/revisions"}],"predecessor-version":[{"id":45795,"href":"https:\/\/alger16.dz\/index.php?rest_route=\/wp\/v2\/posts\/45793\/revisions\/45795"}],"wp:featuredmedia":[{"embeddable":true,"href":"https:\/\/alger16.dz\/index.php?rest_route=\/wp\/v2\/media\/45794"}],"wp:attachment":[{"href":"https:\/\/alger16.dz\/index.php?rest_route=%2Fwp%2Fv2%2Fmedia&parent=45793"}],"wp:term":[{"taxonomy":"category","embeddable":true,"href":"https:\/\/alger16.dz\/index.php?rest_route=%2Fwp%2Fv2%2Fcategories&post=45793"},{"taxonomy":"post_tag","embeddable":true,"href":"https:\/\/alger16.dz\/index.php?rest_route=%2Fwp%2Fv2%2Ftags&post=45793"}],"curies":[{"name":"wp","href":"https:\/\/api.w.org\/{rel}","templated":true}]}}