{"id":48114,"date":"2025-08-19T19:32:54","date_gmt":"2025-08-19T19:32:54","guid":{"rendered":"https:\/\/alger16.dz\/?p=48114"},"modified":"2025-08-19T19:32:54","modified_gmt":"2025-08-19T19:32:54","slug":"ligue-1-mobilis-la-valse-des-entraineurs-a-t-elle-deja-commence-hubert-velud-quitte-deja-le-mc-oran","status":"publish","type":"post","link":"https:\/\/alger16.dz\/?p=48114","title":{"rendered":"LIGUE 1 MOBILIS &#8211; La valse des entraineurs a-t-elle d\u00e9j\u00e0 commenc\u00e9 ? : Hubert Velud quitte d\u00e9j\u00e0 le MC Oran !"},"content":{"rendered":"\n<figure class=\"wp-block-image size-full\"><img loading=\"lazy\" decoding=\"async\" width=\"745\" height=\"470\" src=\"https:\/\/alger16.dz\/wp-content\/uploads\/2025\/08\/619cf716a0ed20c6e54a7ee832b8bd86.jpg\" alt=\"\" class=\"wp-image-48118\" srcset=\"https:\/\/alger16.dz\/wp-content\/uploads\/2025\/08\/619cf716a0ed20c6e54a7ee832b8bd86.jpg 745w, https:\/\/alger16.dz\/wp-content\/uploads\/2025\/08\/619cf716a0ed20c6e54a7ee832b8bd86-300x189.jpg 300w\" sizes=\"auto, (max-width: 745px) 100vw, 745px\" \/><\/figure>\n\n\n\n<p><strong>Les joueurs de l\u2019USM Alger qui sont rentr\u00e9s de leur stage d\u2019intersaison en Tunisie, samedi dernier, se pr\u00e9parent \u00e0 reprendre le travail, d\u00e8s aujourd\u2019hui \u00e0 Alger, en vue de peaufiner leur pr\u00e9paration, en attendant l\u2019entame du championnat.<\/strong><\/p>\n\n\n\n<p>La valse des entra\u00eeneurs qui a toujours affect\u00e9 la Ligue 1 a-t-elle d\u00e9j\u00e0 commenc\u00e9 cette saison encore ? En tout cas, il y a d\u00e9j\u00e0 un d\u00e9part sur le tapis. Le technicien fran\u00e7ais Hubert Velud a d\u00e9j\u00e0 fait ses bagages pour repartir d\u2019o\u00f9 il est venu. Velud a r\u00e9sili\u00e9 son contrat \u00e0 l\u2019amiable avec la direction du MCO avant-hier lundi. Le club en a fait l\u2019annonce \u00e0 travers un communiqu\u00e9 diffus\u00e9 en d\u00e9but de soir\u00e9e. \u00abLa direction du Mouloudia d\u2019Oran annonce la r\u00e9siliation du contrat \u00e0 l\u2019amiable avec l\u2019entra\u00eeneur fran\u00e7ais Hubert Velud et ce, pour des raisons personnelles qui l\u2019ont contraint \u00e0 prendre la d\u00e9cision de son d\u00e9part. Tout en respectant son choix, la direction lui adresse ses remerciements pour la courte p\u00e9riode qu\u2019il a pass\u00e9e avec l\u2019\u00e9quipe, lui souhaitant plein succ\u00e8s dans son parcours \u00e0 venir\u00bb, notait le communiqu\u00e9 diffus\u00e9 par la direction du MCO. Pour sa part, le concern\u00e9 a, dans une vid\u00e9o post\u00e9e sur les r\u00e9seaux du club, confirm\u00e9 ce divorce \u00e0 l\u2019amiable.<\/p>\n\n\n\n<p><strong>\u00abJE DEVAIS PARTIR POUR DES RAISONS PERSONNELLES\u00bb<\/strong><br>\u00abJe suis vraiment d\u00e9sol\u00e9. Ce sont des raisons personnelles qui me poussent \u00e0 partir. Je suis vraiment au regret devant \u00e7a, mais malheureusement dans la vie, on ne ma\u00eetrise pas tout. Il y a des \u00e9v\u00e9nements qu\u2019on ne ma\u00eetrise pas, je suis oblig\u00e9 de partir\u00bb, a d\u00e9clar\u00e9 Hubert Velud sans piper mot sur la nature de ces raisons personnelles. \u00abC\u2019est avec beaucoup d\u2019\u00e9motion que je suis oblig\u00e9 de quitter le MCO. Je tiens \u00e0 remercier son pr\u00e9sident, ses dirigeants qui m\u2019ont tr\u00e8s bien accueilli, \u00e9galement le staff technique et les joueurs qui, le peu de temps que je suis rest\u00e9, on fait un excellent travail avec une excellente mentalit\u00e9. Je tiens vraiment \u00e0 remercier tout le monde. Dommage, on avait vraiment commenc\u00e9 un tr\u00e8s bon travail\u00bb, a ajout\u00e9 le Fran\u00e7ais. \u00ab Maintenant, je suis le premier supporter du MCO \u00e0 qui je souhaite une grande saison. Je tiens \u00e9galement \u00e0 remercier les supporters pour leur accueil qui a \u00e9t\u00e9 tr\u00e8s chaleureux. Voil\u00e0 ! On ne sait pas ce que la vie nous r\u00e9serve et peut-\u00eatre qu\u2019un jour je pourrais revenir d\u2019une mani\u00e8re ou d\u2019une autre \u00e0 Oran. En tout cas, \u00e7a me ferait un grand plaisir de revenir, merci encore \u00e0 tous\u00bb, a poursuivi le technicien fran\u00e7ais, laissant les supporters sur leur faim \u00e0 propos des vraies raisons de son d\u00e9part. <\/p>\n\n\n\n<p><strong>CHERIF EL-OUAZzANI PREND LE RELAIS<br><\/strong>Ainsi, apr\u00e8s \u00e0 peine la signature de son contrat et quelques s\u00e9ances d\u2019entra\u00eenement assur\u00e9es, voil\u00e0 donc Velud d\u00e9j\u00e0 parti, perp\u00e9tuant d\u00e9j\u00e0 la malheureuse habituelle s\u00e9rie de d\u00e9parts pr\u00e9matur\u00e9s des coachs.<br>Ch\u00e9rif El- Ouazzani, actuel directeur sportif, qui avait assur\u00e9 \u00e9galement comme entra\u00eeneur avant que Velud ne d\u00e9barque, il y a un peu plus d\u2019une semaine, reprend du coup presque naturellement son t\u00e9moin qu\u2019il avait pass\u00e9 au Fran\u00e7ais. Et rien ne dit qu\u2019il ne sera pas l\u2019entra\u00eeneur d\u00e9finitif du MCO, cette saison. En effet, le communiqu\u00e9 diffus\u00e9 par le club qui fait part de la poursuite du travail sous la direction technique de Ch\u00e9rif El-Ouazzani, assist\u00e9 de l\u2019adjoint Mounir Lehbab, reste vague sur l\u2019\u00e9ventuel recrutement d\u2019un nouvel entra\u00eeneur. Ch\u00e9rif El- Ouazzani et Lehbab sont annonc\u00e9s assurer la continuit\u00e9 du travail \u00abjusqu\u2019\u00e0 ce que soit tranch\u00e9e la d\u00e9cision qui conviendrait\u00bb.<br>A comprendre par l\u00e0 que l\u2019option d\u2019un changement de statut \u00e0 Ch\u00e9rif El-Ouazzani de directeur sportif \u00e0 entra\u00eeneur en chef de l\u2019\u00e9quipe, d\u00e9j\u00e0 \u00e9voqu\u00e9e, resterait toujours probable.<br>Doit-on rappeler que c\u2019est ce dernier qui a veill\u00e9 \u00e0 la pr\u00e9paration de l\u2019\u00e9quipe depuis la reprise des entra\u00eenements, comme c\u2019est lui \u00e9galement qui a eu \u00e0 g\u00e9rer le mercato.<br>Le dernier nouveau arriv\u00e9 qu\u2019il a fait venir au sein des Hamraoua est le d\u00e9sormais ex-milieu de terrain usmiste Omar Embarek, qui a sign\u00e9 son contrat dimanche dernier. Il est la sixi\u00e8me recrue du MCO, apr\u00e8s Kaddour, venu de l\u2019USM Khenchela, Hamra, Edwin et Belkheiter de l\u2019ASO Chlef, ainsi qu\u2019Aoudjane arriv\u00e9 de l\u2019ES Mostaganem.<br><strong>Djaffar C.<\/strong><\/p>\n","protected":false},"excerpt":{"rendered":"<p>Les joueurs de l\u2019USM Alger qui sont rentr\u00e9s de leur stage d\u2019intersaison en Tunisie, samedi dernier, se pr\u00e9parent \u00e0 reprendre le travail, d\u00e8s aujourd\u2019hui \u00e0 Alger, en vue de peaufiner leur pr\u00e9paration, en attendant l\u2019entame du championnat. La valse des entra\u00eeneurs qui a toujours affect\u00e9 la Ligue 1 a-t-elle d\u00e9j\u00e0 [&hellip;]<\/p>\n","protected":false},"author":3,"featured_media":48118,"comment_status":"closed","ping_status":"closed","sticky":false,"template":"","format":"standard","meta":{"footnotes":""},"categories":[61],"tags":[3856,3202],"class_list":["post-48114","post","type-post","status-publish","format-standard","has-post-thumbnail","hentry","category-sport","tag-hubert-velud","tag-mc-oran"],"_links":{"self":[{"href":"https:\/\/alger16.dz\/index.php?rest_route=\/wp\/v2\/posts\/48114","targetHints":{"allow":["GET"]}}],"collection":[{"href":"https:\/\/alger16.dz\/index.php?rest_route=\/wp\/v2\/posts"}],"about":[{"href":"https:\/\/alger16.dz\/index.php?rest_route=\/wp\/v2\/types\/post"}],"author":[{"embeddable":true,"href":"https:\/\/alger16.dz\/index.php?rest_route=\/wp\/v2\/users\/3"}],"replies":[{"embeddable":true,"href":"https:\/\/alger16.dz\/index.php?rest_route=%2Fwp%2Fv2%2Fcomments&post=48114"}],"version-history":[{"count":1,"href":"https:\/\/alger16.dz\/index.php?rest_route=\/wp\/v2\/posts\/48114\/revisions"}],"predecessor-version":[{"id":48119,"href":"https:\/\/alger16.dz\/index.php?rest_route=\/wp\/v2\/posts\/48114\/revisions\/48119"}],"wp:featuredmedia":[{"embeddable":true,"href":"https:\/\/alger16.dz\/index.php?rest_route=\/wp\/v2\/media\/48118"}],"wp:attachment":[{"href":"https:\/\/alger16.dz\/index.php?rest_route=%2Fwp%2Fv2%2Fmedia&parent=48114"}],"wp:term":[{"taxonomy":"category","embeddable":true,"href":"https:\/\/alger16.dz\/index.php?rest_route=%2Fwp%2Fv2%2Fcategories&post=48114"},{"taxonomy":"post_tag","embeddable":true,"href":"https:\/\/alger16.dz\/index.php?rest_route=%2Fwp%2Fv2%2Ftags&post=48114"}],"curies":[{"name":"wp","href":"https:\/\/api.w.org\/{rel}","templated":true}]}}