{"id":49312,"date":"2025-09-03T21:11:59","date_gmt":"2025-09-03T21:11:59","guid":{"rendered":"https:\/\/alger16.dz\/?p=49312"},"modified":"2025-10-07T18:45:47","modified_gmt":"2025-10-07T18:45:47","slug":"iatf-2025-le-president-de-la-republique-sentretient-avec-son-homologue-tchadien-au-salon-dhonneur-de-laeroport-international-dalger","status":"publish","type":"post","link":"https:\/\/alger16.dz\/?p=49312","title":{"rendered":"IATF 2025 : le pr\u00e9sident de la R\u00e9publique s&rsquo;entretient avec son homologue tchadien au salon d&rsquo;honneur de l&rsquo;a\u00e9roport international d&rsquo;Alger"},"content":{"rendered":"\n<figure class=\"wp-block-image size-full\"><img loading=\"lazy\" decoding=\"async\" width=\"580\" height=\"387\" src=\"https:\/\/alger16.dz\/wp-content\/uploads\/2025\/09\/image-43.png\" alt=\"\" class=\"wp-image-49313\" srcset=\"https:\/\/alger16.dz\/wp-content\/uploads\/2025\/09\/image-43.png 580w, https:\/\/alger16.dz\/wp-content\/uploads\/2025\/09\/image-43-300x200.png 300w\" sizes=\"auto, (max-width: 580px) 100vw, 580px\" \/><\/figure>\n\n\n\n<p><strong>Le pr\u00e9sident de la R\u00e9publique, M. Abdelmadjid Tebboune, s&rsquo;est entretenu, mercredi soir au salon d&rsquo;honneur de l&rsquo;a\u00e9roport international Houari-Boumediene, avec le pr\u00e9sident de la R\u00e9publique du Tchad, M. Mahamat Idriss D\u00e9by.<\/strong><\/p>\n\n\n\n<p>La rencontre s&rsquo;est d\u00e9roul\u00e9e en pr\u00e9sence du ministre d&rsquo;Etat, ministre des Affaires \u00e9trang\u00e8res, de la Communaut\u00e9 nationale \u00e0 l&rsquo;\u00e9tranger et des Affaires africaines, M. Ahmed Attaf, et du conseiller aupr\u00e8s du pr\u00e9sident de la R\u00e9publique, charg\u00e9 des affaires diplomatiques, M. Amar Abba.<\/p>\n\n\n\n<p>Auparavant, le pr\u00e9sident de la R\u00e9publique a accueilli \u00e0 l&rsquo;a\u00e9roport international Houari-Boumediene, son homologue tchadien, arriv\u00e9 \u00e0 Alger dans le cadre de sa participation \u00e0 la 4e \u00e9dition de la Foire commerciale intra-africaine (IATF 2025), qui se tiendra du 4 au 10 septembre sous le slogan \u00ab\u00a0Passerelle vers de nouvelles opportunit\u00e9s\u00a0\u00bb.<\/p>\n\n\n\n<p>Apr\u00e8s avoir \u00e9cout\u00e9 les hymnes nationaux des deux pays et salu\u00e9 le drapeau national, le pr\u00e9sident de la R\u00e9publique et son homologue tchadien ont pass\u00e9 en revue des formations de la Garde r\u00e9publicaine qui leur ont rendu les honneurs.<\/p>\n","protected":false},"excerpt":{"rendered":"<p>Le pr\u00e9sident de la R\u00e9publique, M. Abdelmadjid Tebboune, s&rsquo;est entretenu, mercredi soir au salon d&rsquo;honneur de l&rsquo;a\u00e9roport international Houari-Boumediene, avec le pr\u00e9sident de la R\u00e9publique du Tchad, M. Mahamat Idriss D\u00e9by. La rencontre s&rsquo;est d\u00e9roul\u00e9e en pr\u00e9sence du ministre d&rsquo;Etat, ministre des Affaires \u00e9trang\u00e8res, de la Communaut\u00e9 nationale \u00e0 l&rsquo;\u00e9tranger [&hellip;]<\/p>\n","protected":false},"author":3,"featured_media":49313,"comment_status":"closed","ping_status":"open","sticky":false,"template":"","format":"standard","meta":{"footnotes":""},"categories":[36],"tags":[228,2017],"class_list":["post-49312","post","type-post","status-publish","format-standard","has-post-thumbnail","hentry","category-actualites","tag-abdelmadjid-tebboune","tag-iatf-2025"],"_links":{"self":[{"href":"https:\/\/alger16.dz\/index.php?rest_route=\/wp\/v2\/posts\/49312","targetHints":{"allow":["GET"]}}],"collection":[{"href":"https:\/\/alger16.dz\/index.php?rest_route=\/wp\/v2\/posts"}],"about":[{"href":"https:\/\/alger16.dz\/index.php?rest_route=\/wp\/v2\/types\/post"}],"author":[{"embeddable":true,"href":"https:\/\/alger16.dz\/index.php?rest_route=\/wp\/v2\/users\/3"}],"replies":[{"embeddable":true,"href":"https:\/\/alger16.dz\/index.php?rest_route=%2Fwp%2Fv2%2Fcomments&post=49312"}],"version-history":[{"count":1,"href":"https:\/\/alger16.dz\/index.php?rest_route=\/wp\/v2\/posts\/49312\/revisions"}],"predecessor-version":[{"id":49314,"href":"https:\/\/alger16.dz\/index.php?rest_route=\/wp\/v2\/posts\/49312\/revisions\/49314"}],"wp:featuredmedia":[{"embeddable":true,"href":"https:\/\/alger16.dz\/index.php?rest_route=\/wp\/v2\/media\/49313"}],"wp:attachment":[{"href":"https:\/\/alger16.dz\/index.php?rest_route=%2Fwp%2Fv2%2Fmedia&parent=49312"}],"wp:term":[{"taxonomy":"category","embeddable":true,"href":"https:\/\/alger16.dz\/index.php?rest_route=%2Fwp%2Fv2%2Fcategories&post=49312"},{"taxonomy":"post_tag","embeddable":true,"href":"https:\/\/alger16.dz\/index.php?rest_route=%2Fwp%2Fv2%2Ftags&post=49312"}],"curies":[{"name":"wp","href":"https:\/\/api.w.org\/{rel}","templated":true}]}}