{"id":53187,"date":"2025-10-25T18:18:47","date_gmt":"2025-10-25T18:18:47","guid":{"rendered":"https:\/\/alger16.dz\/?p=53187"},"modified":"2025-10-25T18:18:50","modified_gmt":"2025-10-25T18:18:50","slug":"belmehdi-recoit-une-delegation-doulemas-et-de-chouyoukh-ayant-participe-au-colloque-international-sur-le-rite-malekite","status":"publish","type":"post","link":"https:\/\/alger16.dz\/?p=53187","title":{"rendered":"Belmehdi re\u00e7oit une d\u00e9l\u00e9gation d&rsquo;oul\u00e9mas et de chouyoukh ayant particip\u00e9 au Colloque international sur le rite mal\u00e9kite"},"content":{"rendered":"\n<figure class=\"wp-block-image size-full\"><img loading=\"lazy\" decoding=\"async\" width=\"1000\" height=\"750\" src=\"https:\/\/alger16.dz\/wp-content\/uploads\/2025\/10\/image-178.png\" alt=\"\" class=\"wp-image-53188\" srcset=\"https:\/\/alger16.dz\/wp-content\/uploads\/2025\/10\/image-178.png 1000w, https:\/\/alger16.dz\/wp-content\/uploads\/2025\/10\/image-178-300x225.png 300w, https:\/\/alger16.dz\/wp-content\/uploads\/2025\/10\/image-178-768x576.png 768w\" sizes=\"auto, (max-width: 1000px) 100vw, 1000px\" \/><\/figure>\n\n\n\n<p><strong>\u00a0Le ministre des Affaires religieuses et des Wakfs, Youcef Belmehdi a re\u00e7u, samedi au si\u00e8ge du minist\u00e8re, une d\u00e9l\u00e9gation d&rsquo;oul\u00e9mas et de chouyoukh venus de plusieurs pays islamiques, ayant pris part \u00e0 la 17e \u00e9dition du Colloque international sur le rite mal\u00e9kite, tenue \u00e0 A\u00efn Defla du 21 au 24 octobre courant.<\/strong><\/p>\n\n\n\n<p>Lors de cette audience, le ministre a salu\u00e9 la participation scientifique riche de ces oul\u00e9mas et leurs contributions ayant enrichi les travaux du colloque, soulignant que \u00ab\u00a0l&rsquo;Alg\u00e9rie demeure fid\u00e8le \u00e0 son r\u00f4le au service de l&rsquo;Islam de juste milieu et de mod\u00e9ration, incarn\u00e9 par le rite mal\u00e9kite dans sa pens\u00e9e, sa jurisprudence et ses pratiques religieuses\u00a0\u00bb.<\/p>\n\n\n\n<p>Pour leur part, les oul\u00e9mas, chouyoukh et invit\u00e9s ont exprim\u00e9 \u00ab\u00a0leur profonde gratitude envers l&rsquo;Alg\u00e9rie, direction et peuple, pour l&rsquo;accueil chaleureux et l&rsquo;hospitalit\u00e9\u00a0\u00bb, saluant \u00ab\u00a0l&rsquo;organisation remarquable du colloque et les conclusions scientifiques de haut niveau auxquelles ont abouti les s\u00e9ances\u00a0\u00bb.<\/p>\n\n\n\n<p>L&rsquo;Alg\u00e9rie, consid\u00e8rent-ils, est \u00ab\u00a0une source d&rsquo;inspiration au service du rite mal\u00e9kite, en tant que mod\u00e8le pionnier alliant authenticit\u00e9 et renouveau, et de pr\u00e9servation des constantes religieuses et nationales\u00a0\u00bb.<\/p>\n\n\n\n<p>Au terme de la rencontre, l&rsquo;accent a \u00e9t\u00e9 mis sur \u00ab\u00a0l&rsquo;importance de la coop\u00e9ration scientifique et intellectuelle entre l&rsquo;Alg\u00e9rie et les autres pays islamiques, en vue de renforcer les valeurs de juste milieu et de mod\u00e9ration et de pr\u00e9munir les soci\u00e9t\u00e9s contre l&rsquo;extr\u00e9misme, face aux d\u00e9fis auxquels le monde est confront\u00e9 aujourd&rsquo;hui\u00a0\u00bb.<\/p>\n\n\n\n<p>A cette occasion, le ministre a offert aux membres de la d\u00e9l\u00e9gation \u00ab\u00a0le Mushaf el-Djazair\u00a0\u00bb en braille et le \u00ab\u00a0Mushaf el-Djazair\u00a0\u00bb en \u00e9criture cursive (mabsout), imprim\u00e9s sous le haut patronage du pr\u00e9sident de la R\u00e9publique, M. Abdelmadjid Tebboune.<\/p>\n\n\n\n<p>Ont pris part au Colloque international sur le rite mal\u00e9kite, des oul\u00e9mas et chouyoukh venus de 14 pays islamiques.&nbsp;<\/p>\n","protected":false},"excerpt":{"rendered":"<p>\u00a0Le ministre des Affaires religieuses et des Wakfs, Youcef Belmehdi a re\u00e7u, samedi au si\u00e8ge du minist\u00e8re, une d\u00e9l\u00e9gation d&rsquo;oul\u00e9mas et de chouyoukh venus de plusieurs pays islamiques, ayant pris part \u00e0 la 17e \u00e9dition du Colloque international sur le rite mal\u00e9kite, tenue \u00e0 A\u00efn Defla du 21 au 24 [&hellip;]<\/p>\n","protected":false},"author":3,"featured_media":53188,"comment_status":"closed","ping_status":"open","sticky":false,"template":"","format":"standard","meta":{"footnotes":""},"categories":[53],"tags":[1200],"class_list":["post-53187","post","type-post","status-publish","format-standard","has-post-thumbnail","hentry","category-societe","tag-youcef-belmehdi"],"_links":{"self":[{"href":"https:\/\/alger16.dz\/index.php?rest_route=\/wp\/v2\/posts\/53187","targetHints":{"allow":["GET"]}}],"collection":[{"href":"https:\/\/alger16.dz\/index.php?rest_route=\/wp\/v2\/posts"}],"about":[{"href":"https:\/\/alger16.dz\/index.php?rest_route=\/wp\/v2\/types\/post"}],"author":[{"embeddable":true,"href":"https:\/\/alger16.dz\/index.php?rest_route=\/wp\/v2\/users\/3"}],"replies":[{"embeddable":true,"href":"https:\/\/alger16.dz\/index.php?rest_route=%2Fwp%2Fv2%2Fcomments&post=53187"}],"version-history":[{"count":1,"href":"https:\/\/alger16.dz\/index.php?rest_route=\/wp\/v2\/posts\/53187\/revisions"}],"predecessor-version":[{"id":53189,"href":"https:\/\/alger16.dz\/index.php?rest_route=\/wp\/v2\/posts\/53187\/revisions\/53189"}],"wp:featuredmedia":[{"embeddable":true,"href":"https:\/\/alger16.dz\/index.php?rest_route=\/wp\/v2\/media\/53188"}],"wp:attachment":[{"href":"https:\/\/alger16.dz\/index.php?rest_route=%2Fwp%2Fv2%2Fmedia&parent=53187"}],"wp:term":[{"taxonomy":"category","embeddable":true,"href":"https:\/\/alger16.dz\/index.php?rest_route=%2Fwp%2Fv2%2Fcategories&post=53187"},{"taxonomy":"post_tag","embeddable":true,"href":"https:\/\/alger16.dz\/index.php?rest_route=%2Fwp%2Fv2%2Ftags&post=53187"}],"curies":[{"name":"wp","href":"https:\/\/api.w.org\/{rel}","templated":true}]}}