{"id":56640,"date":"2026-03-07T00:17:00","date_gmt":"2026-03-07T00:17:00","guid":{"rendered":"https:\/\/alger16.dz\/?p=56640"},"modified":"2026-03-08T06:19:37","modified_gmt":"2026-03-08T06:19:37","slug":"comment-reconnaitre-une-allergie-aux-proteines-de-lait-de-vache","status":"publish","type":"post","link":"https:\/\/alger16.dz\/?p=56640","title":{"rendered":"Comment reconnaitre une Allergie aux prot\u00e9ines de lait de vache"},"content":{"rendered":"\n<p><strong> <\/strong><\/p>\n\n\n\n<figure class=\"wp-block-image size-large\"><img loading=\"lazy\" decoding=\"async\" width=\"1024\" height=\"769\" src=\"https:\/\/alger16.dz\/wp-content\/uploads\/2026\/03\/image-71-1024x769.png\" alt=\"\" class=\"wp-image-56641\" srcset=\"https:\/\/alger16.dz\/wp-content\/uploads\/2026\/03\/image-71-1024x769.png 1024w, https:\/\/alger16.dz\/wp-content\/uploads\/2026\/03\/image-71-300x225.png 300w, https:\/\/alger16.dz\/wp-content\/uploads\/2026\/03\/image-71-768x577.png 768w, https:\/\/alger16.dz\/wp-content\/uploads\/2026\/03\/image-71.png 1200w\" sizes=\"auto, (max-width: 1024px) 100vw, 1024px\" \/><\/figure>\n\n\n\n<p><strong>L\u2019allergie aux prot\u00e9ines de lait de vache, parfois not\u00e9e APLV, est la plus fr\u00e9quente et sans doute l\u2019une des plus connues des allergies alimentaires. Elle est g\u00e9n\u00e9ralement diagnostiqu\u00e9e au cours de la petite enfance chez les nourrissons et les jeunes enfants. Le plus souvent, elle dispara\u00eet spontan\u00e9ment lorsque l\u2019enfant grandit.<\/strong><\/p>\n\n\n\n<p><strong>Qu\u2019est-ce que l\u2019allergie aux prot\u00e9ines de lait de vache ?<br><\/strong>L\u2019allergie aux prot\u00e9ines de lait de vache (APLV) est la plus fr\u00e9quente des allergies alimentaires. Selon les estimations, elle toucherait 2 \u00e0 3 % des nourrissons et des enfants de moins de 3 ans, m\u00eame s\u2019il est difficile d\u2019en estimer pr\u00e9cis\u00e9ment la pr\u00e9valence au cours de la petite enfance. Il s\u2019agit d\u2019une r\u00e9action allergique de l\u2019organisme de l\u2019enfant aux prot\u00e9ines contenues dans le lait de vache. Parfois, cette r\u00e9action allergique survient \u00e9galement en pr\u00e9sence d\u2019autres prot\u00e9ines issues du lait :<\/p>\n\n\n\n<ul class=\"wp-block-list\">\n<li>Des juments ;<\/li>\n\n\n\n<li>Des brebis ;<\/li>\n\n\n\n<li>Des ch\u00e8vres.<br>L\u2019allergie aux prot\u00e9ines de lait de vache peut \u00e9galement \u00eatre associ\u00e9e \u00e0 d\u2019autres formes d\u2019allergies (aux \u0153ufs, aux prot\u00e9ines de bl\u00e9 ou \u00e0 l\u2019arachide). On parle d\u2019allergie crois\u00e9e.<br>L\u2019allergie aux prot\u00e9ines de lait de vache survient d\u00e8s la naissance chez les enfants allait\u00e9s au biberon ou au moment du sevrage de l\u2019enfant chez les enfants allait\u00e9s exclusivement avec du lait maternel. Dans 80 % des cas, cette allergie va dispara\u00eetre de mani\u00e8re spontan\u00e9e au cours des premi\u00e8res ann\u00e9es de vie de l\u2019enfant.<\/li>\n<\/ul>\n\n\n\n<p><strong>Quels sont les signes d\u2019une allergie aux prot\u00e9ines de lait de vache ?<br><\/strong>L\u2019allergie aux prot\u00e9ines de lait de vache correspond \u00e0 une r\u00e9action du syst\u00e8me immunitaire de l\u2019enfant expos\u00e9 aux prot\u00e9ines contenues dans le lait de vache. L\u2019allerg\u00e8ne est alors une portion d\u2019une prot\u00e9ine du lait de vache qui d\u00e9clenche, selon les situations :<\/p>\n\n\n\n<ul class=\"wp-block-list\">\n<li>Une r\u00e9action d\u2019hypersensibilit\u00e9 imm\u00e9diate, sous la d\u00e9pendance des immunoglobulines de type IgE : les sympt\u00f4mes se d\u00e9clenchent imm\u00e9diatement ou dans les heures qui suivent la consommation de lait de vache. L\u2019enfant peut pr\u00e9senter des signes cutan\u00e9s (\u00e9ruption cutan\u00e9e de type urticaire, parfois associ\u00e9e \u00e0 un gonflement), des troubles digestifs (diarrh\u00e9e, vomissements) et \u00e9ventuellement des troubles respiratoires (rhinite, conjonctivite, asthme) ;<\/li>\n\n\n\n<li>Une r\u00e9action d\u2019hypersensibilit\u00e9 retard\u00e9e, non m\u00e9di\u00e9e par les IgE : les sympt\u00f4mes surviennent plus tardivement apr\u00e8s plusieurs heures voire quelques jours apr\u00e8s la prise du lait de vache. Il s\u2019agit alors de signes cutan\u00e9s (de type ecz\u00e9ma) et de troubles digestifs (diarrh\u00e9e, r\u00e9gurgitations persistantes, saignements anaux, retard dans la prise de poids).<br>Dans les formes s\u00e9v\u00e8res d\u2019hypersensibilit\u00e9 imm\u00e9diate, un choc anaphylactique est possible et constitue une urgence vitale.<br>Si votre enfant pr\u00e9sente des signes anormaux, parlez-en avec le m\u00e9decin ou le p\u00e9diatre. Par exemple, tout trouble digestif n\u2019est pas le signe d\u2019une allergie aux prot\u00e9ines de lait de vache, mais doit faire l\u2019objet d\u2019une attention particuli\u00e8re pour comprendre son origine et trouver une solution adapt\u00e9e pour soulager l\u2019enfant.<\/li>\n<\/ul>\n\n\n\n<p><strong>Comment reconna\u00eetre une allergie aux prot\u00e9ines de lait de vache ?<br><\/strong>Tout signe anormal doit amener les parents \u00e0 consulter pour en parler avec le m\u00e9decin, la sage-femme ou le p\u00e9diatre. Les sympt\u00f4mes de l\u2019allergie aux prot\u00e9ines de lait de vache peuvent varier selon la r\u00e9action d\u2019hypersensibilit\u00e9 mais aussi selon l\u2019enfant.<br>En cas de doute, le m\u00e9decin peut prescrire des tests sp\u00e9cifiques utilis\u00e9s pour le diagnostic de l\u2019allergie aux prot\u00e9ines de lait de vache :<\/p>\n\n\n\n<ul class=\"wp-block-list\">\n<li>Les tests cutan\u00e9s ou prick tests principalement pour les APLV imm\u00e9diates ;<\/li>\n\n\n\n<li>Les patch-tests au lait surtout pour les APLV retard\u00e9es ;<\/li>\n\n\n\n<li>Le dosage des IgE sp\u00e9cifiques aux prot\u00e9ines de lait de vache (RAST-PLV) pour les APLV imm\u00e9diates ;<\/li>\n\n\n\n<li>Dans certains cas particuliers, un test de provocation orale peut \u00eatre effectu\u00e9 en milieu m\u00e9dical.<br>Le diagnostic de cette allergie est important pour mettre en place pr\u00e9cocement une prise en charge adapt\u00e9e et ainsi \u00e9viter la survenue de complications de l\u2019allergie aux prot\u00e9ines de lait de vache. D\u2019autres allergies associ\u00e9es peuvent \u00e9galement \u00eatre recherch\u00e9es dans le cas d\u2019un bilan allergologique.<br>Sans traitement adapt\u00e9, le nourrisson ou le jeune enfant peut \u00eatre expos\u00e9 \u00e0 une aggravation des sympt\u00f4mes de l\u2019allergie, par exemple avec la survenue de fissures anales, d\u2019un reflux gastro-\u0153sophagien ou d\u2019une toux ou d\u2019une diarrh\u00e9e chronique. Une cassure de la courbe de croissance, des carences, notamment une an\u00e9mie voire des troubles du sommeil peuvent \u00e9galement survenir.<\/li>\n<\/ul>\n\n\n\n<p><strong>Quels traitements en cas d\u2019allergie aux prot\u00e9ines de lait de vache ?<br><\/strong>Comme pour de nombreuses allergies alimentaires, la prise en charge de l\u2019allergie aux prot\u00e9ines de lait de vache implique de supprimer les prot\u00e9ines en cause dans l\u2019alimentation du nourrisson et\/ou du jeune enfant (\u00e9viction du lait de vache et des produits laitiers). L\u2019allaitement maternel exclusif pendant au moins les six premiers mois est la solution id\u00e9ale pour l\u2019enfant, conform\u00e9ment aux recommandations de l\u2019Organisation Mondiale de la Sant\u00e9.<br>En l\u2019absence d\u2019allaitement maternel, des laits infantiles avec des formulations sp\u00e9cifiques existent pour les enfants diagnostiqu\u00e9s d\u2019une allergie aux prot\u00e9ines de lait de vache. Ces formulations ne doivent \u00eatre utilis\u00e9es que sous contr\u00f4le m\u00e9dical. Il en existe diff\u00e9rents types :<\/p>\n\n\n\n<ul class=\"wp-block-list\">\n<li>Des formules hypoallerg\u00e9niques \u00e0 base d\u2019hydrolysat pouss\u00e9 de prot\u00e9ines (bien tol\u00e9r\u00e9s par 90% des enfants) sp\u00e9cifiquement con\u00e7ues pour r\u00e9pondre aux besoins nutritionnels des nourrissons. Ces formules ne contiennent pas de prot\u00e9ines de lait de vache enti\u00e8res mais des prot\u00e9ines de lait de vache d\u00e9grad\u00e9es en fragments si petits qu\u2019il est peu probable que le syst\u00e8me immunitaire de l\u2019enfant les reconnaisse et d\u00e9clenche une r\u00e9action allergique.<\/li>\n\n\n\n<li>Des formules \u00e0 base d\u2019acides amin\u00e9s uniquement et ne contenant pas de cha\u00eenes prot\u00e9iques pour les allergies plus s\u00e9v\u00e8res.<br>Un suivi m\u00e9dical de l\u2019enfant est recommand\u00e9 pour v\u00e9rifier r\u00e9guli\u00e8rement sa croissance et l\u2019absence de carences nutritionnelles. Comme l\u2019allergie de prot\u00e9ines de lait de vache est g\u00e9n\u00e9ralement transitoire et dispara\u00eet avec l\u2019\u00e2ge, une reprise possible du lait de vache et des aliments qui en contiennent peut \u00eatre envisag\u00e9e \u00e0 partir de la diversification alimentaire et au fur et \u00e0 mesure que l\u2019enfant grandit, toujours sous contr\u00f4le m\u00e9dical.<\/li>\n<\/ul>\n","protected":false},"excerpt":{"rendered":"<p>L\u2019allergie aux prot\u00e9ines de lait de vache, parfois not\u00e9e APLV, est la plus fr\u00e9quente et sans doute l\u2019une des plus connues des allergies alimentaires. Elle est g\u00e9n\u00e9ralement diagnostiqu\u00e9e au cours de la petite enfance chez les nourrissons et les jeunes enfants. Le plus souvent, elle dispara\u00eet spontan\u00e9ment lorsque l\u2019enfant grandit. [&hellip;]<\/p>\n","protected":false},"author":3,"featured_media":56641,"comment_status":"closed","ping_status":"open","sticky":false,"template":"","format":"standard","meta":{"footnotes":""},"categories":[64],"tags":[242],"class_list":["post-56640","post","type-post","status-publish","format-standard","has-post-thumbnail","hentry","category-sante-magazine","tag-sante"],"_links":{"self":[{"href":"https:\/\/alger16.dz\/index.php?rest_route=\/wp\/v2\/posts\/56640","targetHints":{"allow":["GET"]}}],"collection":[{"href":"https:\/\/alger16.dz\/index.php?rest_route=\/wp\/v2\/posts"}],"about":[{"href":"https:\/\/alger16.dz\/index.php?rest_route=\/wp\/v2\/types\/post"}],"author":[{"embeddable":true,"href":"https:\/\/alger16.dz\/index.php?rest_route=\/wp\/v2\/users\/3"}],"replies":[{"embeddable":true,"href":"https:\/\/alger16.dz\/index.php?rest_route=%2Fwp%2Fv2%2Fcomments&post=56640"}],"version-history":[{"count":1,"href":"https:\/\/alger16.dz\/index.php?rest_route=\/wp\/v2\/posts\/56640\/revisions"}],"predecessor-version":[{"id":56642,"href":"https:\/\/alger16.dz\/index.php?rest_route=\/wp\/v2\/posts\/56640\/revisions\/56642"}],"wp:featuredmedia":[{"embeddable":true,"href":"https:\/\/alger16.dz\/index.php?rest_route=\/wp\/v2\/media\/56641"}],"wp:attachment":[{"href":"https:\/\/alger16.dz\/index.php?rest_route=%2Fwp%2Fv2%2Fmedia&parent=56640"}],"wp:term":[{"taxonomy":"category","embeddable":true,"href":"https:\/\/alger16.dz\/index.php?rest_route=%2Fwp%2Fv2%2Fcategories&post=56640"},{"taxonomy":"post_tag","embeddable":true,"href":"https:\/\/alger16.dz\/index.php?rest_route=%2Fwp%2Fv2%2Ftags&post=56640"}],"curies":[{"name":"wp","href":"https:\/\/api.w.org\/{rel}","templated":true}]}}