{"id":56675,"date":"2026-03-08T00:07:00","date_gmt":"2026-03-08T00:07:00","guid":{"rendered":"https:\/\/alger16.dz\/?p=56675"},"modified":"2026-04-11T21:17:47","modified_gmt":"2026-04-11T21:17:47","slug":"projet-southh2-corridor-lalgerie-se-positionne-comme-hub-regional-de-lhydrogene-vert","status":"publish","type":"post","link":"https:\/\/alger16.dz\/?p=56675","title":{"rendered":"Projet SouthH2 Corridor : L\u2019Alg\u00e9rie se positionne comme hub r\u00e9gional de l\u2019hydrog\u00e8ne vert"},"content":{"rendered":"\n<figure class=\"wp-block-image size-large\"><img loading=\"lazy\" decoding=\"async\" width=\"1024\" height=\"683\" src=\"https:\/\/alger16.dz\/wp-content\/uploads\/2026\/03\/SH2_2-1024x683.jpg\" alt=\"\" class=\"wp-image-56676\" srcset=\"https:\/\/alger16.dz\/wp-content\/uploads\/2026\/03\/SH2_2-1024x683.jpg 1024w, https:\/\/alger16.dz\/wp-content\/uploads\/2026\/03\/SH2_2-300x200.jpg 300w, https:\/\/alger16.dz\/wp-content\/uploads\/2026\/03\/SH2_2-768x512.jpg 768w, https:\/\/alger16.dz\/wp-content\/uploads\/2026\/03\/SH2_2.jpg 1536w\" sizes=\"auto, (max-width: 1024px) 100vw, 1024px\" \/><\/figure>\n\n\n\n<p><strong>L\u2019Alg\u00e9rie s\u2019appr\u00eate \u00e0 accueillir dans les prochains mois une rencontre de coordination des acteurs impliqu\u00e9s dans le projet SouthH2 Corridor, visant \u00e0 transporter l\u2019hydrog\u00e8ne Vert produit localement vers l\u2019Europe.<\/strong><\/p>\n\n\n\n<p>Cette annonce a \u00e9t\u00e9 faite jeudi dernier par le Directeur de l\u2019Information et de la Communication au minist\u00e8re de l\u2019Energie et des Energies renouvelables, lors d\u2019une intervention sur les ondes de la Radio Alg\u00e9rienne.<br>Cette rencontre, organis\u00e9e \u00e0 l\u2019initiative du minist\u00e8re, r\u00e9unira des repr\u00e9sentants alg\u00e9riens, tunisiens, italiens, autrichiens et allemands. Elle se concentrera sur les m\u00e9canismes de mise en \u0153uvre de ce projet, qualifi\u00e9 par M. Hedna de \u00ab saut qualitatif \u00bb pour la transition \u00e9nerg\u00e9tique r\u00e9gionale. Le SouthH2 Corridor vient compl\u00e9ter le projet d\u2019interconnexion \u00e9lectrique visant l\u2019exportation d\u2019\u00e9lectricit\u00e9 d\u00e9carbon\u00e9e vers l\u2019Italie, pilot\u00e9 par Sonelgaz, Sonatrach et la soci\u00e9t\u00e9 italienne ENI. Au-del\u00e0 de l\u2019Europe, le groupe alg\u00e9rien \u00e9tend son expertise en Afrique avec la r\u00e9alisation de centrales \u00e9lectriques au Burkina Faso, au Mozambique et au Niger. Pour ces projets, Sonelgaz pr\u00e9voit la formation sp\u00e9cialis\u00e9e des partenaires africains et la cr\u00e9ation de d\u00e9p\u00f4ts de mat\u00e9riel afin d\u2019assurer un approvisionnement local en \u00e9quipements et pi\u00e8ces de rechange.<br>Sur le plan domestique, le programme de d\u00e9ploiement de 15 000 MW d\u2019\u00e9nergie solaire d\u2019ici 2035 progresse \u00e0 un rythme soutenu. La premi\u00e8re phase, couvrant plusieurs wilayas pour une capacit\u00e9 totale de 3 200 MW, est d\u00e9j\u00e0 en cours. Plusieurs centrales devraient entrer en service cette ann\u00e9e pour un total de 1 480 MW.<br>Parmi les projets les plus avanc\u00e9s, le taux de r\u00e9alisation atteint 93 % \u00e0 Tendla (El Meghaier, 200 MW), 86 % \u00e0 El Ghrous (Biskra, 200 MW), 76 % \u00e0 El Foulia (El Oued, 300 MW) et 62 % \u00e0 Khenguet Sidi Nadji (Biskra, 150 MW). Les centrales de Ouled Djellal, Abadla (B\u00e9char) et M\u2019sila affichent un taux de r\u00e9alisation d\u2019environ 50 %.<br>Avec ces initiatives, l\u2019Alg\u00e9rie confirme sa volont\u00e9 de jouer un r\u00f4le central dans la transition \u00e9nerg\u00e9tique r\u00e9gionale, en combinant exportation d\u2019\u00e9nergie propre, expertise locale et projets d\u2019envergure internationale.<br><strong>G. S. E.<\/strong><\/p>\n","protected":false},"excerpt":{"rendered":"<p>L\u2019Alg\u00e9rie s\u2019appr\u00eate \u00e0 accueillir dans les prochains mois une rencontre de coordination des acteurs impliqu\u00e9s dans le projet SouthH2 Corridor, visant \u00e0 transporter l\u2019hydrog\u00e8ne Vert produit localement vers l\u2019Europe. Cette annonce a \u00e9t\u00e9 faite jeudi dernier par le Directeur de l\u2019Information et de la Communication au minist\u00e8re de l\u2019Energie et [&hellip;]<\/p>\n","protected":false},"author":3,"featured_media":56676,"comment_status":"closed","ping_status":"open","sticky":false,"template":"","format":"standard","meta":{"footnotes":""},"categories":[63],"tags":[4666],"class_list":["post-56675","post","type-post","status-publish","format-standard","has-post-thumbnail","hentry","category-economie","tag-projet-southh2-corridor"],"_links":{"self":[{"href":"https:\/\/alger16.dz\/index.php?rest_route=\/wp\/v2\/posts\/56675","targetHints":{"allow":["GET"]}}],"collection":[{"href":"https:\/\/alger16.dz\/index.php?rest_route=\/wp\/v2\/posts"}],"about":[{"href":"https:\/\/alger16.dz\/index.php?rest_route=\/wp\/v2\/types\/post"}],"author":[{"embeddable":true,"href":"https:\/\/alger16.dz\/index.php?rest_route=\/wp\/v2\/users\/3"}],"replies":[{"embeddable":true,"href":"https:\/\/alger16.dz\/index.php?rest_route=%2Fwp%2Fv2%2Fcomments&post=56675"}],"version-history":[{"count":1,"href":"https:\/\/alger16.dz\/index.php?rest_route=\/wp\/v2\/posts\/56675\/revisions"}],"predecessor-version":[{"id":56677,"href":"https:\/\/alger16.dz\/index.php?rest_route=\/wp\/v2\/posts\/56675\/revisions\/56677"}],"wp:featuredmedia":[{"embeddable":true,"href":"https:\/\/alger16.dz\/index.php?rest_route=\/wp\/v2\/media\/56676"}],"wp:attachment":[{"href":"https:\/\/alger16.dz\/index.php?rest_route=%2Fwp%2Fv2%2Fmedia&parent=56675"}],"wp:term":[{"taxonomy":"category","embeddable":true,"href":"https:\/\/alger16.dz\/index.php?rest_route=%2Fwp%2Fv2%2Fcategories&post=56675"},{"taxonomy":"post_tag","embeddable":true,"href":"https:\/\/alger16.dz\/index.php?rest_route=%2Fwp%2Fv2%2Ftags&post=56675"}],"curies":[{"name":"wp","href":"https:\/\/api.w.org\/{rel}","templated":true}]}}