{"id":56720,"date":"2026-03-08T00:29:00","date_gmt":"2026-03-08T00:29:00","guid":{"rendered":"https:\/\/alger16.dz\/?p=56720"},"modified":"2026-03-08T14:31:22","modified_gmt":"2026-03-08T14:31:22","slug":"sahara-occidental-tout-reglement-du-conflit-est-tributaire-du-droit-des-sahraouis-a-lautodetermination","status":"publish","type":"post","link":"https:\/\/alger16.dz\/?p=56720","title":{"rendered":"Sahara occidental : Tout r\u00e8glement du conflit est tributaire du droit des Sahraouis \u00e0 l\u2019autod\u00e9termination"},"content":{"rendered":"\n<figure class=\"wp-block-image size-large\"><img loading=\"lazy\" decoding=\"async\" width=\"1024\" height=\"731\" src=\"https:\/\/alger16.dz\/wp-content\/uploads\/2026\/03\/image-87-1024x731.png\" alt=\"\" class=\"wp-image-56721\" srcset=\"https:\/\/alger16.dz\/wp-content\/uploads\/2026\/03\/image-87-1024x731.png 1024w, https:\/\/alger16.dz\/wp-content\/uploads\/2026\/03\/image-87-300x214.png 300w, https:\/\/alger16.dz\/wp-content\/uploads\/2026\/03\/image-87-768x548.png 768w, https:\/\/alger16.dz\/wp-content\/uploads\/2026\/03\/image-87.png 1080w\" sizes=\"auto, (max-width: 1024px) 100vw, 1024px\" \/><\/figure>\n\n\n\n<p>Le Premier ministre de la R\u00e9publique arabe sahraouie d\u00e9mocratique, M. Bouchraya Hamoudi Bayoun, a affirm\u00e9 que le peuple sahraoui continue de r\u00e9sister et de se battre cinquante ans apr\u00e8s la proclamation de son \u00c9tat.<br>Dans une interview accord\u00e9e, la semaine derni\u00e8re, au journal espagnol El Salto Diario, le Premier ministre sahraoui a estim\u00e9 que le 50e anniversaire de la proclamation de la R\u00e9publique sahraouie constitue un t\u00e9moignage ind\u00e9niable de la r\u00e9silience du peuple sahraoui face aux \u00ab politiques d\u2019annexion et aux tentatives de soumission orchestr\u00e9es par le r\u00e9gime du Makhzen depuis le d\u00e9but du conflit \u00bb. Il a soulign\u00e9 que tout processus visant \u00e0 r\u00e9soudre le conflit du Sahara occidental ne saurait \u00eatre consid\u00e9r\u00e9 comme l\u00e9gitime ou durable sans le consentement du peuple sahraoui, \u00e0 travers l\u2019exercice de son droit inali\u00e9nable \u00e0 l\u2019autod\u00e9termination.<br>L\u2019intervenant a \u00e9galement not\u00e9 que, malgr\u00e9 les difficult\u00e9s, le peuple sahraoui est parvenu \u00e0 \u00e9difier des institutions \u00e9tatiques couvrant plusieurs domaines essentiels, notamment l\u2019\u00e9ducation, la diplomatie et l\u2019organisation sociale.<br>Le Premier ministre sahraoui a \u00e9galement relev\u00e9 que toutes les tentatives visant \u00e0 imposer des solutions en dehors du cadre du droit international ont \u00e9chou\u00e9, qu\u2019il s\u2019agisse de la voie militaire ou de projets politiques ne reconnaissant pas le droit du peuple sahraoui \u00e0 l\u2019autod\u00e9termination.<br>Il a r\u00e9affirm\u00e9 que l\u2019exp\u00e9rience a d\u00e9montr\u00e9 qu\u2019aucun r\u00e8glement ne peut aboutir s\u2019il n\u2019est pas fond\u00e9 sur la volont\u00e9 du peuple sahraoui, insistant sur le fait que le respect du droit international demeure la seule voie susceptible de mettre un terme \u00e0 ce conflit de longue date. Dans le m\u00eame contexte, M. Bayoun a affirm\u00e9 que les autorit\u00e9s marocaines ont intensifi\u00e9 l\u2019usage de drones dans le cadre du conflit, soulignant que ces appareils n\u2019ont pas \u00e9t\u00e9 utilis\u00e9s uniquement contre des objectifs militaires, mais \u00e9galement contre des civils dans les zones lib\u00e9r\u00e9es.<br>S\u2019agissant du processus politique, il a indiqu\u00e9 que le Front Polisario demeure ouvert \u00e0 toute \u00abd\u00e9marche diplomatique s\u00e9rieuse visant \u00e0 mettre fin au conflit \u00bb, \u00e0 condition qu\u2019elle s\u2019inscrive dans le respect du droit \u00e0 l\u2019autod\u00e9termination, conform\u00e9ment aux r\u00e9solutions des Nations unies.<br>Il a toutefois averti que \u00ab toute tentative de contournement de ce principe ne ferait que prolonger la crise et approfondir les tensions dans la r\u00e9gion \u00bb.<br>Le responsable sahraoui a \u00e9galement affirm\u00e9 que \u00ab la dignit\u00e9 du peuple sahraoui r\u00e9side dans le droit de vivre librement, \u00e0 l\u2019abri de toute occupation \u00bb, soulignant que les Sahraouis \u00ab subissent une surveillance s\u00e9curitaire stricte et une r\u00e9pression constante de la part des autorit\u00e9s marocaines dans les territoires occup\u00e9s \u00bb.<br>Il a conclu en affirmant que la poursuite de ces politiques \u00ab ne brisera pas la volont\u00e9 des Sahraouis, qui restent attach\u00e9s \u00e0 leur droit l\u00e9gitime \u00e0 la libert\u00e9 et \u00e0 l\u2019ind\u00e9pendance \u00bb.<br>\u00c0 l\u2019heure o\u00f9 le conflit du Sahara occidental demeure l\u2019un des dossiers de d\u00e9colonisation les plus anciens inscrits \u00e0 l\u2019agenda international, les d\u00e9clarations du Premier ministre sahraoui rappellent que la question centrale reste inchang\u00e9e : celle de la reconnaissance effective du droit du peuple sahraoui \u00e0 d\u00e9cider librement de son destin, conform\u00e9ment aux principes du droit international et aux r\u00e9solutions des Nations unies.<br><strong>Abir Menasria<\/strong><\/p>\n","protected":false},"excerpt":{"rendered":"<p>Le Premier ministre de la R\u00e9publique arabe sahraouie d\u00e9mocratique, M. Bouchraya Hamoudi Bayoun, a affirm\u00e9 que le peuple sahraoui continue de r\u00e9sister et de se battre cinquante ans apr\u00e8s la proclamation de son \u00c9tat.Dans une interview accord\u00e9e, la semaine derni\u00e8re, au journal espagnol El Salto Diario, le Premier ministre sahraoui [&hellip;]<\/p>\n","protected":false},"author":3,"featured_media":56721,"comment_status":"closed","ping_status":"open","sticky":false,"template":"","format":"standard","meta":{"footnotes":""},"categories":[65],"tags":[1516,1281],"class_list":["post-56720","post","type-post","status-publish","format-standard","has-post-thumbnail","hentry","category-monde","tag-rasd","tag-sahara-occidental-2"],"_links":{"self":[{"href":"https:\/\/alger16.dz\/index.php?rest_route=\/wp\/v2\/posts\/56720","targetHints":{"allow":["GET"]}}],"collection":[{"href":"https:\/\/alger16.dz\/index.php?rest_route=\/wp\/v2\/posts"}],"about":[{"href":"https:\/\/alger16.dz\/index.php?rest_route=\/wp\/v2\/types\/post"}],"author":[{"embeddable":true,"href":"https:\/\/alger16.dz\/index.php?rest_route=\/wp\/v2\/users\/3"}],"replies":[{"embeddable":true,"href":"https:\/\/alger16.dz\/index.php?rest_route=%2Fwp%2Fv2%2Fcomments&post=56720"}],"version-history":[{"count":1,"href":"https:\/\/alger16.dz\/index.php?rest_route=\/wp\/v2\/posts\/56720\/revisions"}],"predecessor-version":[{"id":56722,"href":"https:\/\/alger16.dz\/index.php?rest_route=\/wp\/v2\/posts\/56720\/revisions\/56722"}],"wp:featuredmedia":[{"embeddable":true,"href":"https:\/\/alger16.dz\/index.php?rest_route=\/wp\/v2\/media\/56721"}],"wp:attachment":[{"href":"https:\/\/alger16.dz\/index.php?rest_route=%2Fwp%2Fv2%2Fmedia&parent=56720"}],"wp:term":[{"taxonomy":"category","embeddable":true,"href":"https:\/\/alger16.dz\/index.php?rest_route=%2Fwp%2Fv2%2Fcategories&post=56720"},{"taxonomy":"post_tag","embeddable":true,"href":"https:\/\/alger16.dz\/index.php?rest_route=%2Fwp%2Fv2%2Ftags&post=56720"}],"curies":[{"name":"wp","href":"https:\/\/api.w.org\/{rel}","templated":true}]}}