{"id":56726,"date":"2026-03-08T14:40:29","date_gmt":"2026-03-08T14:40:29","guid":{"rendered":"https:\/\/alger16.dz\/?p=56726"},"modified":"2026-03-08T14:40:29","modified_gmt":"2026-03-08T14:40:29","slug":"attaf-participe-aux-travaux-de-la-reunion-du-conseil-de-la-ligue-arabe-sur-la-situation-au-moyen-orient","status":"publish","type":"post","link":"https:\/\/alger16.dz\/?p=56726","title":{"rendered":"Attaf participe aux travaux de la r\u00e9union du Conseil de la Ligue arabe sur la situation au Moyen-Orient"},"content":{"rendered":"\n<figure class=\"wp-block-image size-full\"><img loading=\"lazy\" decoding=\"async\" width=\"900\" height=\"675\" src=\"https:\/\/alger16.dz\/wp-content\/uploads\/2026\/03\/image-88.png\" alt=\"\" class=\"wp-image-56727\" srcset=\"https:\/\/alger16.dz\/wp-content\/uploads\/2026\/03\/image-88.png 900w, https:\/\/alger16.dz\/wp-content\/uploads\/2026\/03\/image-88-300x225.png 300w, https:\/\/alger16.dz\/wp-content\/uploads\/2026\/03\/image-88-768x576.png 768w\" sizes=\"auto, (max-width: 900px) 100vw, 900px\" \/><\/figure>\n\n\n\n<p><strong>Le ministre d&rsquo;Etat, ministre des Affaires \u00e9trang\u00e8res, de la Communaut\u00e9 nationale \u00e0 l&rsquo;\u00e9tranger et des Affaires africaines, M. Ahmed Attaf, a particip\u00e9, dimanche, aux travaux de la session extraordinaire de la r\u00e9union du Conseil de la Ligue arabe au niveau minist\u00e9riel, consacr\u00e9e \u00e0 l&rsquo;examen de la situation au Moyen-Orient et dans le Golfe arabique, indique un communiqu\u00e9 du minist\u00e8re.<\/strong><\/p>\n\n\n\n<p>Cette r\u00e9union a permis d&rsquo;\u00abexaminer les r\u00e9percussions de l&rsquo;escalade militaire dans la r\u00e9gion sur la souverainet\u00e9 et l&rsquo;int\u00e9grit\u00e9 de nombre de pays arabes, ainsi que les risques et menaces qu&rsquo;elle fait peser aux niveaux r\u00e9gional et international\u00bb, pr\u00e9cise le communiqu\u00e9.<\/p>\n","protected":false},"excerpt":{"rendered":"<p>Le ministre d&rsquo;Etat, ministre des Affaires \u00e9trang\u00e8res, de la Communaut\u00e9 nationale \u00e0 l&rsquo;\u00e9tranger et des Affaires africaines, M. Ahmed Attaf, a particip\u00e9, dimanche, aux travaux de la session extraordinaire de la r\u00e9union du Conseil de la Ligue arabe au niveau minist\u00e9riel, consacr\u00e9e \u00e0 l&rsquo;examen de la situation au Moyen-Orient et [&hellip;]<\/p>\n","protected":false},"author":3,"featured_media":56727,"comment_status":"closed","ping_status":"open","sticky":false,"template":"","format":"standard","meta":{"footnotes":""},"categories":[36],"tags":[229],"class_list":["post-56726","post","type-post","status-publish","format-standard","has-post-thumbnail","hentry","category-actualites","tag-ahmed-attaf"],"_links":{"self":[{"href":"https:\/\/alger16.dz\/index.php?rest_route=\/wp\/v2\/posts\/56726","targetHints":{"allow":["GET"]}}],"collection":[{"href":"https:\/\/alger16.dz\/index.php?rest_route=\/wp\/v2\/posts"}],"about":[{"href":"https:\/\/alger16.dz\/index.php?rest_route=\/wp\/v2\/types\/post"}],"author":[{"embeddable":true,"href":"https:\/\/alger16.dz\/index.php?rest_route=\/wp\/v2\/users\/3"}],"replies":[{"embeddable":true,"href":"https:\/\/alger16.dz\/index.php?rest_route=%2Fwp%2Fv2%2Fcomments&post=56726"}],"version-history":[{"count":1,"href":"https:\/\/alger16.dz\/index.php?rest_route=\/wp\/v2\/posts\/56726\/revisions"}],"predecessor-version":[{"id":56728,"href":"https:\/\/alger16.dz\/index.php?rest_route=\/wp\/v2\/posts\/56726\/revisions\/56728"}],"wp:featuredmedia":[{"embeddable":true,"href":"https:\/\/alger16.dz\/index.php?rest_route=\/wp\/v2\/media\/56727"}],"wp:attachment":[{"href":"https:\/\/alger16.dz\/index.php?rest_route=%2Fwp%2Fv2%2Fmedia&parent=56726"}],"wp:term":[{"taxonomy":"category","embeddable":true,"href":"https:\/\/alger16.dz\/index.php?rest_route=%2Fwp%2Fv2%2Fcategories&post=56726"},{"taxonomy":"post_tag","embeddable":true,"href":"https:\/\/alger16.dz\/index.php?rest_route=%2Fwp%2Fv2%2Ftags&post=56726"}],"curies":[{"name":"wp","href":"https:\/\/api.w.org\/{rel}","templated":true}]}}