{"id":56750,"date":"2026-03-09T00:22:00","date_gmt":"2026-03-09T00:22:00","guid":{"rendered":"https:\/\/alger16.dz\/?p=56750"},"modified":"2026-04-11T21:17:46","modified_gmt":"2026-04-11T21:17:46","slug":"reunion-du-conseil-des-ministres-reforme-politique-pouvoir-dachat-hadj-jeunesse-le-chef-de-letat-fixe-les-priorites","status":"publish","type":"post","link":"https:\/\/alger16.dz\/?p=56750","title":{"rendered":"R\u00e9union du conseil des ministres : R\u00e9forme politique, pouvoir d\u2019achat, hadj, jeunesse\u2026 Le chef de l\u2019\u00e9tat fixe les priorit\u00e9s"},"content":{"rendered":"\n<figure class=\"wp-block-image size-large\"><img loading=\"lazy\" decoding=\"async\" width=\"1024\" height=\"752\" src=\"https:\/\/alger16.dz\/wp-content\/uploads\/2026\/03\/tebboune-1024x752.jpg\" alt=\"\" class=\"wp-image-56751\" srcset=\"https:\/\/alger16.dz\/wp-content\/uploads\/2026\/03\/tebboune-1024x752.jpg 1024w, https:\/\/alger16.dz\/wp-content\/uploads\/2026\/03\/tebboune-300x220.jpg 300w, https:\/\/alger16.dz\/wp-content\/uploads\/2026\/03\/tebboune-768x564.jpg 768w, https:\/\/alger16.dz\/wp-content\/uploads\/2026\/03\/tebboune-1536x1127.jpg 1536w, https:\/\/alger16.dz\/wp-content\/uploads\/2026\/03\/tebboune.jpg 1658w\" sizes=\"auto, (max-width: 1024px) 100vw, 1024px\" \/><\/figure>\n\n\n\n<p><strong>Le pr\u00e9sident de la R\u00e9publique, M.Abdelmadjid Tebboune, a pr\u00e9sid\u00e9 hier \u00e0 Alger, une r\u00e9union du Conseil des ministres consacr\u00e9e \u00e0 plusieurs dossiers majeurs, a indiqu\u00e9 un communiqu\u00e9 de la Pr\u00e9sidence. Les travaux ont port\u00e9 notamment sur un projet de loi relatif aux circonscriptions \u00e9lectorales et au nombre de si\u00e8ges parlementaires, sur l\u2019op\u00e9ration d\u2019importation d\u2019un million de t\u00eates de moutons et sur les pr\u00e9paratifs de la saison du hadj.<\/strong><\/p>\n\n\n\n<p>La r\u00e9union a d\u00e9but\u00e9, par la pr\u00e9sentation du Premier ministre concernant l\u2019activit\u00e9 du gouvernement durant les deux derni\u00e8res semaines. Avant m\u00eame l\u2019examen des diff\u00e9rents dossiers inscrits \u00e0 l\u2019ordre du jour, le chef de l\u2019\u00c9tat a insist\u00e9 sur la n\u00e9cessit\u00e9 d\u2019un suivi rigoureux sur le terrain pour lutter contre les pratiques sp\u00e9culatives touchant certains produits alimentaires, notamment les fruits et les viandes import\u00e9es. Dans ce cadre, il a ordonn\u00e9 une application stricte des mesures contre les sp\u00e9culateurs, allant jusqu\u2019\u00e0 leur inscription sur des listes noires et leur exclusion d\u00e9finitive des activit\u00e9s d\u2019importation et de commerce.<\/p>\n\n\n\n<p><strong>R\u00e9vision du d\u00e9coupage \u00e9lectoral<br><\/strong>Concernant le projet de loi d\u00e9finissant les circonscriptions \u00e9lectorales et le nombre de si\u00e8ges \u00e0 pourvoir au Parlement, le pr\u00e9sident de la R\u00e9publique a demand\u00e9 une r\u00e9vision approfondie du texte avant son adoption finale. Il a insist\u00e9 sur l\u2019importance d\u2019associer les partis politiques \u00e0 ce processus afin de garantir un consensus politique autour de cette r\u00e9forme.<br>Dans cette perspective, il a ordonn\u00e9 la cr\u00e9ation d\u2019une commission charg\u00e9e de suivre et d\u2019examiner les modifications apport\u00e9es au projet de loi. Cette commission se r\u00e9unira au si\u00e8ge de la Pr\u00e9sidence de la R\u00e9publique afin de statuer d\u00e9finitivement sur la r\u00e9partition des si\u00e8ges parlementaires dans le cadre des prochaines \u00e9lections.<\/p>\n\n\n\n<p><strong>Encadrer l&rsquo;import des moutons<br><\/strong>Le Conseil des ministres s\u2019est \u00e9galement pench\u00e9 sur l\u2019\u00e9tat d\u2019avancement de l\u2019op\u00e9ration d\u2019importation d\u2019un million de t\u00eates de moutons destin\u00e9e \u00e0 garantir la disponibilit\u00e9 des sacrifices pour l\u2019A\u00efd El-Adha 2026. Dans ce dossier particuli\u00e8rement sensible pour le pouvoir d\u2019achat des m\u00e9nages, le pr\u00e9sident de la R\u00e9publique a fix\u00e9 un plafond clair : le prix de vente du mouton import\u00e9 ne devra pas d\u00e9passer 50 000 dinars alg\u00e9riens.<br>Il a en outre donn\u00e9 instruction aux services gouvernementaux de suivre de pr\u00e8s toutes les \u00e9tapes de l\u2019op\u00e9ration, de l\u2019importation jusqu\u2019\u00e0 la commercialisation, afin d\u2019\u00e9viter toute tentative de fraude, de contrebande ou de sp\u00e9culation susceptible de perturber le march\u00e9.<\/p>\n\n\n\n<p><strong>Mobilisation contre l\u2019invasion acridienne<br><\/strong>La situation li\u00e9e \u00e0 la propagation des criquets p\u00e8lerins dans l\u2019extr\u00eame sud du pays a \u00e9galement \u00e9t\u00e9 examin\u00e9e lors de la r\u00e9union. Face aux risques que ces essaims font peser sur les cultures agricoles, le pr\u00e9sident de la R\u00e9publique a ordonn\u00e9 un renforcement des moyens de lutte contre ce ph\u00e9nom\u00e8ne.<br>Les autorit\u00e9s devront recourir \u00e0 des m\u00e9thodes scientifiques modernes, notamment le traitement a\u00e9rien par pulv\u00e9risation d\u2019insecticides. Ce traitement se fera en particulier dans les zones frontali\u00e8res qui constituent les premiers points de contact avec ces essaims. Le chef de l\u2019\u00c9tat a \u00e9galement insist\u00e9 sur l\u2019activation des cellules de veille et sur l\u2019utilisation d\u2019outils technologiques avanc\u00e9s, notamment les images fournies par les satellites alg\u00e9riens, afin d\u2019anticiper les d\u00e9placements des criquets et d\u2019agir rapidement.<\/p>\n\n\n\n<p><strong>Une strat\u00e9gie pour la jeunesse<br><\/strong>Par ailleurs, une large partie de la r\u00e9union a \u00e9t\u00e9 consacr\u00e9e au projet de plan national pour la jeunesse 2026-2029, consid\u00e9r\u00e9 comme un axe strat\u00e9gique des politiques publiques. Le pr\u00e9sident de la R\u00e9publique a rappel\u00e9 que les jeunes ont le droit de revendiquer leurs droits, notamment en mati\u00e8re d\u2019emploi et d\u2019accompagnement social, mais dans un esprit patriotique pr\u00e9servant la coh\u00e9sion nationale.<br>Dans ce contexte, il a demand\u00e9 au ministre de la Jeunesse de proc\u00e9der \u00e0 un audit concernant les cas de jeunes n\u2019ayant pas b\u00e9n\u00e9fici\u00e9 de l\u2019allocation ch\u00f4mage, afin d\u2019identifier les \u00e9ventuelles d\u00e9faillances administratives. Il lui a \u00e9galement demand\u00e9 de proposer de nouveaux m\u00e9canismes visant \u00e0 r\u00e9duire le taux de ch\u00f4mage chez les jeunes.<br>Le chef de l\u2019\u00c9tat a par ailleurs insist\u00e9 sur la n\u00e9cessit\u00e9 d\u2019intensifier la lutte contre la consommation et le trafic de drogue parmi les jeunes, estimant que ces ph\u00e9nom\u00e8nes rel\u00e8vent d\u2019un \u00ab plan programm\u00e9 depuis l\u2019ext\u00e9rieur \u00bb visant cette cat\u00e9gorie essentielle de la soci\u00e9t\u00e9.<br>Dans le cadre de cette m\u00eame strat\u00e9gie globale pour les jeunes, le pr\u00e9sident de la R\u00e9publique a appel\u00e9 \u00e0 accorder une importance particuli\u00e8re au sport scolaire et universitaire, en coordination avec les minist\u00e8res de l\u2019\u00c9ducation nationale et de l\u2019Enseignement sup\u00e9rieur. L\u2019objectif est d\u2019offrir aux jeunes des espaces d\u2019expression et d\u2019activit\u00e9 qui contribuent \u00e0 leur \u00e9panouissement.<br>Il a \u00e9galement insist\u00e9 sur le renforcement des liens entre la jeunesse alg\u00e9rienne vivant \u00e0 l\u2019int\u00e9rieur du pays et celle de la diaspora, \u00e0 travers diff\u00e9rentes initiatives favorisant les \u00e9changes et la consolidation du sentiment d\u2019appartenance nationale.<br>Dans la m\u00eame logique, il a ordonn\u00e9 la r\u00e9habilitation et la r\u00e9activation des maisons de jeunes, avec l\u2019objectif d\u2019en disposer d\u2019au moins une dans chaque commune. Ces structures devront \u00eatre modernis\u00e9es et ouvertes \u00e0 des programmes \u00e9labor\u00e9s par les jeunes eux-m\u00eames. La coordination entre les secteurs de la jeunesse et de la culture devra \u00e9galement \u00eatre renforc\u00e9e afin de d\u00e9velopper des activit\u00e9s r\u00e9pondant aux attentes et aux aspirations de cette g\u00e9n\u00e9ration.<\/p>\n\n\n\n<p><strong>Adaptation climatique<br><\/strong>Le Conseil des ministres a \u00e9galement examin\u00e9 le projet de plan national d\u2019adaptation aux changements climatiques. \u00c0 ce sujet, le pr\u00e9sident de la R\u00e9publique a demand\u00e9 un renforcement du contr\u00f4le des produits import\u00e9s gr\u00e2ce \u00e0 la multiplication des laboratoires d\u2019analyse dans les ports et les a\u00e9roports, en coordination entre les minist\u00e8res de l\u2019Int\u00e9rieur, du Commerce ext\u00e9rieur, de l\u2019Environnement et des Transports.<br>Il a \u00e9galement ordonn\u00e9 d\u2019acc\u00e9l\u00e9rer le traitement et la r\u00e9utilisation des eaux us\u00e9es afin d\u2019atteindre un taux d\u2019exploitation d\u2019au moins 30 %, dans le cadre d\u2019une strat\u00e9gie visant \u00e0 mieux g\u00e9rer les ressources hydriques.<br>Pour le chef de l\u2019\u00c9tat, la protection de l\u2019environnement et de la sant\u00e9 des citoyens n\u00e9cessite un travail de terrain coordonn\u00e9 entre les institutions publiques et les acteurs de la soci\u00e9t\u00e9. Il a soulign\u00e9 que la question environnementale constitue d\u00e9sormais un \u00e9l\u00e9ment central de la s\u00e9curit\u00e9 nationale et de la protection des populations face aux risques potentiels.<\/p>\n\n\n\n<p><strong>Les priorit\u00e9s bien d\u00e9finis<br><\/strong>Les travaux du Conseil des ministres se sont finalement achev\u00e9s par l\u2019adoption de d\u00e9cisions concernant des nominations et des fins de fonctions dans plusieurs postes sup\u00e9rieurs de l\u2019\u00c9tat, conform\u00e9ment aux proc\u00e9dures en vigueur.<br>\u00c0 travers cette r\u00e9union, les autorit\u00e9s ont d\u00e9fini et mis en \u00e9vidence un ensemble de priorit\u00e9s nationales allant de la r\u00e9forme politique \u00e0 la gestion du pouvoir d\u2019achat, en passant par la mobilisation en faveur de la jeunesse et la protection de l\u2019environnement. Une orientation qui traduit la volont\u00e9 de consolider les \u00e9quilibres institutionnels tout en r\u00e9pondant aux d\u00e9fis \u00e9conomiques et sociaux auxquels fait face le pays.<br><strong>G. Salah Eddine<\/strong><\/p>\n","protected":false},"excerpt":{"rendered":"<p>Le pr\u00e9sident de la R\u00e9publique, M.Abdelmadjid Tebboune, a pr\u00e9sid\u00e9 hier \u00e0 Alger, une r\u00e9union du Conseil des ministres consacr\u00e9e \u00e0 plusieurs dossiers majeurs, a indiqu\u00e9 un communiqu\u00e9 de la Pr\u00e9sidence. Les travaux ont port\u00e9 notamment sur un projet de loi relatif aux circonscriptions \u00e9lectorales et au nombre de si\u00e8ges parlementaires, [&hellip;]<\/p>\n","protected":false},"author":3,"featured_media":56751,"comment_status":"closed","ping_status":"open","sticky":false,"template":"","format":"standard","meta":{"footnotes":""},"categories":[36],"tags":[228],"class_list":["post-56750","post","type-post","status-publish","format-standard","has-post-thumbnail","hentry","category-actualites","tag-abdelmadjid-tebboune"],"_links":{"self":[{"href":"https:\/\/alger16.dz\/index.php?rest_route=\/wp\/v2\/posts\/56750","targetHints":{"allow":["GET"]}}],"collection":[{"href":"https:\/\/alger16.dz\/index.php?rest_route=\/wp\/v2\/posts"}],"about":[{"href":"https:\/\/alger16.dz\/index.php?rest_route=\/wp\/v2\/types\/post"}],"author":[{"embeddable":true,"href":"https:\/\/alger16.dz\/index.php?rest_route=\/wp\/v2\/users\/3"}],"replies":[{"embeddable":true,"href":"https:\/\/alger16.dz\/index.php?rest_route=%2Fwp%2Fv2%2Fcomments&post=56750"}],"version-history":[{"count":1,"href":"https:\/\/alger16.dz\/index.php?rest_route=\/wp\/v2\/posts\/56750\/revisions"}],"predecessor-version":[{"id":56752,"href":"https:\/\/alger16.dz\/index.php?rest_route=\/wp\/v2\/posts\/56750\/revisions\/56752"}],"wp:featuredmedia":[{"embeddable":true,"href":"https:\/\/alger16.dz\/index.php?rest_route=\/wp\/v2\/media\/56751"}],"wp:attachment":[{"href":"https:\/\/alger16.dz\/index.php?rest_route=%2Fwp%2Fv2%2Fmedia&parent=56750"}],"wp:term":[{"taxonomy":"category","embeddable":true,"href":"https:\/\/alger16.dz\/index.php?rest_route=%2Fwp%2Fv2%2Fcategories&post=56750"},{"taxonomy":"post_tag","embeddable":true,"href":"https:\/\/alger16.dz\/index.php?rest_route=%2Fwp%2Fv2%2Ftags&post=56750"}],"curies":[{"name":"wp","href":"https:\/\/api.w.org\/{rel}","templated":true}]}}