{"id":56763,"date":"2026-03-09T00:53:00","date_gmt":"2026-03-09T00:53:00","guid":{"rendered":"https:\/\/alger16.dz\/?p=56763"},"modified":"2026-03-09T14:54:50","modified_gmt":"2026-03-09T14:54:50","slug":"premiere-edition-de-liftar-annuel-des-acteurs-de-la-jeunesse-un-levier-de-laction-nationale-commune","status":"publish","type":"post","link":"https:\/\/alger16.dz\/?p=56763","title":{"rendered":"Premi\u00e8re \u00e9dition de l&rsquo;Iftar annuel des acteurs de la jeunesse : Un levier de l&rsquo;action nationale commune"},"content":{"rendered":"\n<figure class=\"wp-block-image size-large\"><img loading=\"lazy\" decoding=\"async\" width=\"1024\" height=\"683\" src=\"https:\/\/alger16.dz\/wp-content\/uploads\/2026\/03\/image-92-1024x683.png\" alt=\"\" class=\"wp-image-56764\" srcset=\"https:\/\/alger16.dz\/wp-content\/uploads\/2026\/03\/image-92-1024x683.png 1024w, https:\/\/alger16.dz\/wp-content\/uploads\/2026\/03\/image-92-300x200.png 300w, https:\/\/alger16.dz\/wp-content\/uploads\/2026\/03\/image-92-768x512.png 768w, https:\/\/alger16.dz\/wp-content\/uploads\/2026\/03\/image-92.png 1080w\" sizes=\"auto, (max-width: 1024px) 100vw, 1024px\" \/><\/figure>\n\n\n\n<p>Le ministre de la Jeunesse et pr\u00e9sident du Conseil sup\u00e9rieur de la jeunesse (CSJ), M. Mustapha Hidaoui, a pr\u00e9sid\u00e9, vendredi dernier \u00e0 Alger, le lancement de la premi\u00e8re \u00e9dition de l\u2019iftar annuel d\u00e9di\u00e9 aux acteurs de la jeunesse. L\u2019\u00e9v\u00e9nement s\u2019est tenu sous le th\u00e8me \u00ab Participation active de la jeunesse \u00e0 la coh\u00e9sion nationale pour l&rsquo;Alg\u00e9rie victorieuse \u00bb.<br>Cette rencontre, organis\u00e9e par le Conseil sup\u00e9rieur de la jeunesse, en collaboration avec le minist\u00e8re de la Jeunesse, s\u2019est d\u00e9roul\u00e9e \u00e0 la Coupole du Complexe olympique Mohamed-Boudiaf. Elle s\u2019est tenue en pr\u00e9sence de M. Mustapha Sa\u00efdj, conseiller aupr\u00e8s du pr\u00e9sident de la R\u00e9publique charg\u00e9 des affaires politiques et des relations avec la jeunesse, ainsi que de membres du gouvernement et de repr\u00e9sentants de divers secteurs et institutions nationales.<br>Dans son allocution, M. Hidaoui a affirm\u00e9 que l\u2019Alg\u00e9rie traverse une p\u00e9riode dynamique qui exige de renforcer \u00ab le front int\u00e9rieur \u00bb, en s\u2019inspirant de la d\u00e9termination de nos anc\u00eatres qui ont cru en la nation et ont lanc\u00e9 \u00ab la glorieuse R\u00e9volution de Novembre \u00bb.<br>Le ministre a \u00e9galement mis en avant \u00ab la vision du pr\u00e9sident de la R\u00e9publique, M. Abdelmadjid Tebboune, qui accorde une grande importance \u00e0 l&rsquo;autonomisation des jeunes et \u00e0 la garantie de leur r\u00f4le central dans cette dynamique, afin qu&rsquo;ils soient un moteur de l&rsquo;action nationale collective \u00bb. Il a soulign\u00e9 que cette approche se traduit concr\u00e8tement par \u00ab les engagements des diff\u00e9rents secteurs de l&rsquo;\u00c9tat envers la jeunesse \u00bb. Il a pr\u00e9cis\u00e9 que l\u2019organisation de cette rencontre vise \u00e0 \u00ab renforcer ces convictions nationales chez les jeunes \u00bb et \u00e0 \u00ab diffuser les valeurs de solidarit\u00e9 et d&rsquo;entraide entre Alg\u00e9riens \u00bb. Il a \u00e9galement rappel\u00e9 le r\u00f4le du CSJ en tant que structure engag\u00e9e dans la promotion de la participation active de la jeunesse, notamment dans les domaines \u00e9conomiques et de l\u2019innovation, en collaboration avec plusieurs secteurs tels que l\u2019\u00e9conomie du savoir, les start-up et les micro-entreprises.<br>Dans son intervention, M. Sa\u00efdj a, au nom du pr\u00e9sident de la R\u00e9publique, appel\u00e9 la jeunesse alg\u00e9rienne \u00e0 suivre l\u2019exemple des dirigeants de \u00ab la glorieuse Guerre de lib\u00e9ration \u00bb, rappelant que l\u2019\u00e2ge moyen des r\u00e9dacteurs de la proclamation du 1er Novembre \u00e9tait de 26 ans. Il a cit\u00e9 \u00e0 ce propos \u00abMohamed Boudiaf, membre du Groupe des 22, qui a donn\u00e9 son nom \u00e0 cette assembl\u00e9e \u00bb.<br>L\u2019orateur a \u00e9galement indiqu\u00e9 que conform\u00e9ment au programme et aux engagements du pr\u00e9sident de la R\u00e9publique et dans l\u2019esprit de la R\u00e9volution de novembre 1954, la D\u00e9claration du 1er Novembre a \u00e9t\u00e9 inscrite pour la premi\u00e8re fois dans \u00ab la Constitution de 2020 \u00bb, t\u00e9moignant d\u2019une confiance forte dans les capacit\u00e9s de \u00ab la jeunesse d&rsquo;aujourd&rsquo;hui \u00bb.<br>Il a rappel\u00e9, par ailleurs, le courage de la g\u00e9n\u00e9ration r\u00e9volutionnaire face \u00e0 la France coloniale, soulignant qu\u2019elle a \u00ab d\u00e9fi\u00e9 avec courage, patience et d\u00e9termination \u00bb, l\u2019une des plus grandes puissances de l\u2019\u00e9poque jusqu\u2019\u00e0 la reconqu\u00eate de la souverainet\u00e9 nationale. Dans le m\u00eame esprit, M. Sa\u00efdj a \u00e9voqu\u00e9 \u00ables points cl\u00e9s du programme du Pr\u00e9sident concernant l&rsquo;\u00e9mancipation politique et \u00e9conomique des jeunes et les r\u00e9formes visant \u00e0 leur permettre d&rsquo;assumer leurs responsabilit\u00e9s, \u00e0 l&rsquo;instar des jeunes de Novembre \u00bb, convaincu que cette g\u00e9n\u00e9ration repr\u00e9sente l\u2019avenir du pays. \u00c0 ce titre, il a rappel\u00e9 \u00ab les lois r\u00e9gissant les partis politiques et le syst\u00e8me \u00e9lectoral, qui stipulent qu&rsquo;aucune liste \u00e9lectorale, locale ou nationale, ne sera accept\u00e9e si elle ne comprend pas 50 % de jeunes \u00bb dans l\u2019objectif d\u2019associer pleinement cette cat\u00e9gorie de la population au processus de r\u00e9forme et de participation politique. Cet iftar collectif, qui a r\u00e9uni plus de deux mille jeunes venus de diff\u00e9rentes wilayas du pays, ainsi que de la diaspora alg\u00e9rienne, a \u00e9galement \u00e9t\u00e9 marqu\u00e9 par la projection d\u2019un documentaire mettant en lumi\u00e8re l\u2019unit\u00e9 et la fraternit\u00e9 entre le peuple et son arm\u00e9e. Un second film a pr\u00e9sent\u00e9 les initiatives et programmes du Conseil sup\u00e9rieur de la jeunesse visant \u00e0 renforcer l\u2019autonomisation des jeunes et leur participation active \u00e0 la vie publique. A. Menasria<\/p>\n","protected":false},"excerpt":{"rendered":"<p>Le ministre de la Jeunesse et pr\u00e9sident du Conseil sup\u00e9rieur de la jeunesse (CSJ), M. Mustapha Hidaoui, a pr\u00e9sid\u00e9, vendredi dernier \u00e0 Alger, le lancement de la premi\u00e8re \u00e9dition de l\u2019iftar annuel d\u00e9di\u00e9 aux acteurs de la jeunesse. L\u2019\u00e9v\u00e9nement s\u2019est tenu sous le th\u00e8me \u00ab Participation active de la jeunesse [&hellip;]<\/p>\n","protected":false},"author":3,"featured_media":56764,"comment_status":"closed","ping_status":"open","sticky":false,"template":"","format":"standard","meta":{"footnotes":""},"categories":[53],"tags":[700],"class_list":["post-56763","post","type-post","status-publish","format-standard","has-post-thumbnail","hentry","category-societe","tag-mustapha-hidaoui"],"_links":{"self":[{"href":"https:\/\/alger16.dz\/index.php?rest_route=\/wp\/v2\/posts\/56763","targetHints":{"allow":["GET"]}}],"collection":[{"href":"https:\/\/alger16.dz\/index.php?rest_route=\/wp\/v2\/posts"}],"about":[{"href":"https:\/\/alger16.dz\/index.php?rest_route=\/wp\/v2\/types\/post"}],"author":[{"embeddable":true,"href":"https:\/\/alger16.dz\/index.php?rest_route=\/wp\/v2\/users\/3"}],"replies":[{"embeddable":true,"href":"https:\/\/alger16.dz\/index.php?rest_route=%2Fwp%2Fv2%2Fcomments&post=56763"}],"version-history":[{"count":1,"href":"https:\/\/alger16.dz\/index.php?rest_route=\/wp\/v2\/posts\/56763\/revisions"}],"predecessor-version":[{"id":56765,"href":"https:\/\/alger16.dz\/index.php?rest_route=\/wp\/v2\/posts\/56763\/revisions\/56765"}],"wp:featuredmedia":[{"embeddable":true,"href":"https:\/\/alger16.dz\/index.php?rest_route=\/wp\/v2\/media\/56764"}],"wp:attachment":[{"href":"https:\/\/alger16.dz\/index.php?rest_route=%2Fwp%2Fv2%2Fmedia&parent=56763"}],"wp:term":[{"taxonomy":"category","embeddable":true,"href":"https:\/\/alger16.dz\/index.php?rest_route=%2Fwp%2Fv2%2Fcategories&post=56763"},{"taxonomy":"post_tag","embeddable":true,"href":"https:\/\/alger16.dz\/index.php?rest_route=%2Fwp%2Fv2%2Ftags&post=56763"}],"curies":[{"name":"wp","href":"https:\/\/api.w.org\/{rel}","templated":true}]}}