{"id":56766,"date":"2026-03-09T00:54:00","date_gmt":"2026-03-09T00:54:00","guid":{"rendered":"https:\/\/alger16.dz\/?p=56766"},"modified":"2026-03-09T14:57:34","modified_gmt":"2026-03-09T14:57:34","slug":"ministere-du-travail-reunion-consacree-a-levaluation-des-activites-de-la-cnac","status":"publish","type":"post","link":"https:\/\/alger16.dz\/?p=56766","title":{"rendered":"Minist\u00e8re du travail : R\u00e9union consacr\u00e9e \u00e0 l&rsquo;\u00e9valuation des activit\u00e9s de la CNAC"},"content":{"rendered":"\n<figure class=\"wp-block-image size-large\"><img loading=\"lazy\" decoding=\"async\" width=\"1024\" height=\"683\" src=\"https:\/\/alger16.dz\/wp-content\/uploads\/2026\/03\/image-93-1024x683.png\" alt=\"\" class=\"wp-image-56767\" srcset=\"https:\/\/alger16.dz\/wp-content\/uploads\/2026\/03\/image-93-1024x683.png 1024w, https:\/\/alger16.dz\/wp-content\/uploads\/2026\/03\/image-93-300x200.png 300w, https:\/\/alger16.dz\/wp-content\/uploads\/2026\/03\/image-93-768x512.png 768w, https:\/\/alger16.dz\/wp-content\/uploads\/2026\/03\/image-93.png 1080w\" sizes=\"auto, (max-width: 1024px) 100vw, 1024px\" \/><\/figure>\n\n\n\n<p>Le ministre du Travail, de l&rsquo;Emploi et de la S\u00e9curit\u00e9 sociale, M. Abdelhak Saihi, a dirig\u00e9 une session de travail consacr\u00e9e \u00e0 l\u2019\u00e9valuation des activit\u00e9s de la Caisse nationale d\u2019assurance-ch\u00f4mage (CNAC), a confirm\u00e9 un communiqu\u00e9 du minist\u00e8re, publi\u00e9 samedi dernier.<br>Cette rencontre, tenue jeudi dernier, a r\u00e9uni les hauts responsables de l\u2019administration centrale et de la CNAC. Le Directeur g\u00e9n\u00e9ral de la Caisse y a pr\u00e9sent\u00e9 \u00ab les initiatives prises pour favoriser l&#8217;emploi et optimiser la qualit\u00e9 des services publics destin\u00e9s aux usagers, les progr\u00e8s r\u00e9alis\u00e9s dans les projets de digitalisation, ainsi que la mise en application des directives \u00e9mises lors des rencontres ant\u00e9rieures \u00bb.<br>\u00c0 l\u2019issue de l\u2019analyse des diff\u00e9rents points \u00e0 l\u2019ordre du jour, le ministre a soulign\u00e9 la n\u00e9cessit\u00e9 de d\u00e9passer les pratiques de gestion traditionnelles et d\u2019adopter \u00ab des approches contemporaines offrant plus d&rsquo;efficience et d&rsquo;adaptabilit\u00e9 \u00bb. Il a insist\u00e9 sur l\u2019importance de \u00ab la transformation num\u00e9rique \u00bb et du \u00ab d\u00e9veloppement des services en ligne \u00bb afin de \u00ab simplifier les proc\u00e9dures, r\u00e9duire les d\u00e9lais de traitement, am\u00e9liorer la qualit\u00e9 du service et acc\u00e9l\u00e9rer le r\u00e8glement des diff\u00e9rents probl\u00e8mes au sein de la CNAC, garantissant ainsi un meilleur service aux b\u00e9n\u00e9ficiaires \u00bb.<br>M. Saihi a \u00e9galement \u00e9voqu\u00e9 la r\u00e9vision des statuts de la CNAC pour lui permettre d\u2019\u00e9tendre ses missions : soutenir la cr\u00e9ation d\u2019emplois, encourager l\u2019entrepreneuriat et accompagner la naissance de jeunes entreprises. Il a soulign\u00e9 que l\u2019investissement dans les ressources humaines, via une formation sp\u00e9cialis\u00e9e et de qualit\u00e9, permettra aux employ\u00e9s \u00ab de s\u2019adapter aux exigences de la phase actuelle et de relever les nouveaux d\u00e9fis de la fonction publique \u00bb.<br>Le ministre a insist\u00e9 sur la mise en \u0153uvre du guichet unique et sur la coordination entre les diff\u00e9rents organismes sous tutelle, notamment dans les nouvelles wilayas, afin de r\u00e9duire les d\u00e9placements des usagers et de leur garantir un service plus rapide et efficace.<br>Enfin, M. Saihi a r\u00e9affirm\u00e9 l\u2019importance d\u2019un suivi r\u00e9gulier de la mise en \u0153uvre de ces directives et de la transmission de rapports d\u2019\u00e9valuation aux autorit\u00e9s centrales, pour mesurer les progr\u00e8s r\u00e9alis\u00e9s et s\u2019assurer de l\u2019application conforme de la feuille de route de la CNAC.<br><strong>A.\u2008M.<\/strong><\/p>\n","protected":false},"excerpt":{"rendered":"<p>Le ministre du Travail, de l&rsquo;Emploi et de la S\u00e9curit\u00e9 sociale, M. Abdelhak Saihi, a dirig\u00e9 une session de travail consacr\u00e9e \u00e0 l\u2019\u00e9valuation des activit\u00e9s de la Caisse nationale d\u2019assurance-ch\u00f4mage (CNAC), a confirm\u00e9 un communiqu\u00e9 du minist\u00e8re, publi\u00e9 samedi dernier.Cette rencontre, tenue jeudi dernier, a r\u00e9uni les hauts responsables de [&hellip;]<\/p>\n","protected":false},"author":3,"featured_media":56767,"comment_status":"closed","ping_status":"open","sticky":false,"template":"","format":"standard","meta":{"footnotes":""},"categories":[53],"tags":[85,4676],"class_list":["post-56766","post","type-post","status-publish","format-standard","has-post-thumbnail","hentry","category-societe","tag-abdelhak-saihi","tag-cnac"],"_links":{"self":[{"href":"https:\/\/alger16.dz\/index.php?rest_route=\/wp\/v2\/posts\/56766","targetHints":{"allow":["GET"]}}],"collection":[{"href":"https:\/\/alger16.dz\/index.php?rest_route=\/wp\/v2\/posts"}],"about":[{"href":"https:\/\/alger16.dz\/index.php?rest_route=\/wp\/v2\/types\/post"}],"author":[{"embeddable":true,"href":"https:\/\/alger16.dz\/index.php?rest_route=\/wp\/v2\/users\/3"}],"replies":[{"embeddable":true,"href":"https:\/\/alger16.dz\/index.php?rest_route=%2Fwp%2Fv2%2Fcomments&post=56766"}],"version-history":[{"count":1,"href":"https:\/\/alger16.dz\/index.php?rest_route=\/wp\/v2\/posts\/56766\/revisions"}],"predecessor-version":[{"id":56768,"href":"https:\/\/alger16.dz\/index.php?rest_route=\/wp\/v2\/posts\/56766\/revisions\/56768"}],"wp:featuredmedia":[{"embeddable":true,"href":"https:\/\/alger16.dz\/index.php?rest_route=\/wp\/v2\/media\/56767"}],"wp:attachment":[{"href":"https:\/\/alger16.dz\/index.php?rest_route=%2Fwp%2Fv2%2Fmedia&parent=56766"}],"wp:term":[{"taxonomy":"category","embeddable":true,"href":"https:\/\/alger16.dz\/index.php?rest_route=%2Fwp%2Fv2%2Fcategories&post=56766"},{"taxonomy":"post_tag","embeddable":true,"href":"https:\/\/alger16.dz\/index.php?rest_route=%2Fwp%2Fv2%2Ftags&post=56766"}],"curies":[{"name":"wp","href":"https:\/\/api.w.org\/{rel}","templated":true}]}}