{"id":56800,"date":"2026-03-09T13:49:00","date_gmt":"2026-03-09T13:49:00","guid":{"rendered":"https:\/\/alger16.dz\/?p=56800"},"modified":"2026-03-09T15:17:24","modified_gmt":"2026-03-09T15:17:24","slug":"les-deputes-adoptent-la-projet-de-loi-relatif-a-lorganisation-territoriale-du-pays","status":"publish","type":"post","link":"https:\/\/alger16.dz\/?p=56800","title":{"rendered":"Les d\u00e9put\u00e9s adoptent la projet de loi relatif \u00e0 l&rsquo;organisation territoriale du pays"},"content":{"rendered":"\n<figure class=\"wp-block-image size-full\"><img loading=\"lazy\" decoding=\"async\" width=\"900\" height=\"675\" src=\"https:\/\/alger16.dz\/wp-content\/uploads\/2026\/03\/image-99.png\" alt=\"\" class=\"wp-image-56801\" srcset=\"https:\/\/alger16.dz\/wp-content\/uploads\/2026\/03\/image-99.png 900w, https:\/\/alger16.dz\/wp-content\/uploads\/2026\/03\/image-99-300x225.png 300w, https:\/\/alger16.dz\/wp-content\/uploads\/2026\/03\/image-99-768x576.png 768w\" sizes=\"auto, (max-width: 900px) 100vw, 900px\" \/><\/figure>\n\n\n\n<p><strong>Les membres de l&rsquo;Assembl\u00e9e populaire nationale (APN) ont adopt\u00e9, ce lundi, le projet de loi relatif \u00e0 l&rsquo;organisation territoriale du pays.<\/strong><\/p>\n\n\n\n<p>Ce texte a \u00e9t\u00e9 adopt\u00e9 lors d&rsquo;une pl\u00e9ni\u00e8re pr\u00e9sid\u00e9e par M. Brahim Boughali, pr\u00e9sident de l&rsquo;APN, en pr\u00e9sence du ministre de l&rsquo;Int\u00e9rieur, des Collectivit\u00e9s locales et des Transports, M. Sa\u00efd Sayoud, et de la ministre des Relations avec le Parlement, Mme Nadjiba Djilali.<\/p>\n\n\n\n<p>Ce texte pr\u00e9voit la promotion de onze circonscriptions administratives en wilayas \u00e0 part enti\u00e8re, dans le cadre d&rsquo;un choix strat\u00e9gique \u00e9tudi\u00e9, fond\u00e9 sur une \u00e9valuation objective de l&rsquo;exp\u00e9rience des circonscriptions administratives, qui a d\u00e9montr\u00e9 son efficacit\u00e9 dans le rapprochement de l&rsquo;administration du citoyen, l&rsquo;am\u00e9lioration du service public et l&rsquo;acc\u00e9l\u00e9ration de la prise en charge des pr\u00e9occupations de la population.<\/p>\n\n\n\n<p>Il s&rsquo;agit d&rsquo;Aflou, de Barika, d&rsquo;El Kantara, de Bir El Ater, d&rsquo;El Aricha, de Ksar Chellala, d&rsquo;A\u00efn Oussara, de Messaad, de Ksar El Boukhari, de Bou Sa\u00e2da et d&rsquo;El Abiodh Sidi Cheikh.<\/p>\n\n\n\n<p>Ainsi, le nouveau d\u00e9coupage territorial du pays comprend 69 wilayas.<\/p>\n","protected":false},"excerpt":{"rendered":"<p>Les membres de l&rsquo;Assembl\u00e9e populaire nationale (APN) ont adopt\u00e9, ce lundi, le projet de loi relatif \u00e0 l&rsquo;organisation territoriale du pays. Ce texte a \u00e9t\u00e9 adopt\u00e9 lors d&rsquo;une pl\u00e9ni\u00e8re pr\u00e9sid\u00e9e par M. Brahim Boughali, pr\u00e9sident de l&rsquo;APN, en pr\u00e9sence du ministre de l&rsquo;Int\u00e9rieur, des Collectivit\u00e9s locales et des Transports, M. [&hellip;]<\/p>\n","protected":false},"author":3,"featured_media":56801,"comment_status":"closed","ping_status":"open","sticky":false,"template":"","format":"standard","meta":{"footnotes":""},"categories":[36],"tags":[107],"class_list":["post-56800","post","type-post","status-publish","format-standard","has-post-thumbnail","hentry","category-actualites","tag-apn"],"_links":{"self":[{"href":"https:\/\/alger16.dz\/index.php?rest_route=\/wp\/v2\/posts\/56800","targetHints":{"allow":["GET"]}}],"collection":[{"href":"https:\/\/alger16.dz\/index.php?rest_route=\/wp\/v2\/posts"}],"about":[{"href":"https:\/\/alger16.dz\/index.php?rest_route=\/wp\/v2\/types\/post"}],"author":[{"embeddable":true,"href":"https:\/\/alger16.dz\/index.php?rest_route=\/wp\/v2\/users\/3"}],"replies":[{"embeddable":true,"href":"https:\/\/alger16.dz\/index.php?rest_route=%2Fwp%2Fv2%2Fcomments&post=56800"}],"version-history":[{"count":1,"href":"https:\/\/alger16.dz\/index.php?rest_route=\/wp\/v2\/posts\/56800\/revisions"}],"predecessor-version":[{"id":56802,"href":"https:\/\/alger16.dz\/index.php?rest_route=\/wp\/v2\/posts\/56800\/revisions\/56802"}],"wp:featuredmedia":[{"embeddable":true,"href":"https:\/\/alger16.dz\/index.php?rest_route=\/wp\/v2\/media\/56801"}],"wp:attachment":[{"href":"https:\/\/alger16.dz\/index.php?rest_route=%2Fwp%2Fv2%2Fmedia&parent=56800"}],"wp:term":[{"taxonomy":"category","embeddable":true,"href":"https:\/\/alger16.dz\/index.php?rest_route=%2Fwp%2Fv2%2Fcategories&post=56800"},{"taxonomy":"post_tag","embeddable":true,"href":"https:\/\/alger16.dz\/index.php?rest_route=%2Fwp%2Fv2%2Ftags&post=56800"}],"curies":[{"name":"wp","href":"https:\/\/api.w.org\/{rel}","templated":true}]}}