{"id":56806,"date":"2026-03-09T08:18:00","date_gmt":"2026-03-09T08:18:00","guid":{"rendered":"https:\/\/alger16.dz\/?p=56806"},"modified":"2026-03-09T15:23:03","modified_gmt":"2026-03-09T15:23:03","slug":"liban-plus-dun-demi-million-de-deplaces-par-les-frappes-de-larmee-sioniste","status":"publish","type":"post","link":"https:\/\/alger16.dz\/?p=56806","title":{"rendered":"Liban : plus d&rsquo;un demi-million de d\u00e9plac\u00e9s par les frappes de l&rsquo;arm\u00e9e sioniste"},"content":{"rendered":"\n<figure class=\"wp-block-image size-full\"><img loading=\"lazy\" decoding=\"async\" width=\"900\" height=\"675\" src=\"https:\/\/alger16.dz\/wp-content\/uploads\/2026\/03\/image-101.png\" alt=\"\" class=\"wp-image-56807\" srcset=\"https:\/\/alger16.dz\/wp-content\/uploads\/2026\/03\/image-101.png 900w, https:\/\/alger16.dz\/wp-content\/uploads\/2026\/03\/image-101-300x225.png 300w, https:\/\/alger16.dz\/wp-content\/uploads\/2026\/03\/image-101-768x576.png 768w\" sizes=\"auto, (max-width: 900px) 100vw, 900px\" \/><\/figure>\n\n\n\n<p><strong>Plus d&rsquo;un demi-million de personnes ont \u00e9t\u00e9 d\u00e9plac\u00e9es par les frappes de l&rsquo;arm\u00e9e sioniste sur le Liban, selon un bilan rendu public par les autorit\u00e9s libanaises hier dimanche, alors que le pays est en proie \u00e0 d&rsquo;intenses bombardements sionistes depuis lundi dernier.<\/strong><\/p>\n\n\n\n<p>\u00abAu total, 517 000 d\u00e9plac\u00e9s ont \u00e9t\u00e9 recens\u00e9s, dont plus de 117 000 h\u00e9berg\u00e9s dans des centres d&rsquo;accueil\u00bb, a d\u00e9clar\u00e9 la ministre des Affaires sociales Haneen Sayed lors d&rsquo;une conf\u00e9rence de presse.<\/p>\n\n\n\n<p>Le ministre de la Sant\u00e9, Rakan Nassereddine, a annonc\u00e9, hier dimanche,&nbsp; qu&rsquo;au moins 394 personnes sont tomb\u00e9es en martyres, dont 83 enfants et 42 femmes, suite aux frappes sionistes continues sur le Liban.<\/p>\n\n\n\n<p>En d\u00e9pit de l&rsquo;accord de cessez-le-feu en vigueur depuis fin novembre 2024, l&rsquo;arm\u00e9e sioniste poursuit ses agressions contre le Liban, faisant des centaines de martyrs et de bless\u00e9s.<\/p>\n\n\n\n<p>Le cessez-le-feu stipulait que les forces sionistes devaient retirer leurs forces du Sud-Liban. Or, l&rsquo;arm\u00e9e sioniste maintient cinq avant-postes sur le territoire libanais, et ce en violation de l&rsquo;accord de cessation des hostilit\u00e9s.<\/p>\n","protected":false},"excerpt":{"rendered":"<p>Plus d&rsquo;un demi-million de personnes ont \u00e9t\u00e9 d\u00e9plac\u00e9es par les frappes de l&rsquo;arm\u00e9e sioniste sur le Liban, selon un bilan rendu public par les autorit\u00e9s libanaises hier dimanche, alors que le pays est en proie \u00e0 d&rsquo;intenses bombardements sionistes depuis lundi dernier. \u00abAu total, 517 000 d\u00e9plac\u00e9s ont \u00e9t\u00e9 recens\u00e9s, [&hellip;]<\/p>\n","protected":false},"author":3,"featured_media":56807,"comment_status":"closed","ping_status":"open","sticky":false,"template":"","format":"standard","meta":{"footnotes":""},"categories":[65],"tags":[220,980],"class_list":["post-56806","post","type-post","status-publish","format-standard","has-post-thumbnail","hentry","category-monde","tag-entite-sioniste","tag-liban"],"_links":{"self":[{"href":"https:\/\/alger16.dz\/index.php?rest_route=\/wp\/v2\/posts\/56806","targetHints":{"allow":["GET"]}}],"collection":[{"href":"https:\/\/alger16.dz\/index.php?rest_route=\/wp\/v2\/posts"}],"about":[{"href":"https:\/\/alger16.dz\/index.php?rest_route=\/wp\/v2\/types\/post"}],"author":[{"embeddable":true,"href":"https:\/\/alger16.dz\/index.php?rest_route=\/wp\/v2\/users\/3"}],"replies":[{"embeddable":true,"href":"https:\/\/alger16.dz\/index.php?rest_route=%2Fwp%2Fv2%2Fcomments&post=56806"}],"version-history":[{"count":1,"href":"https:\/\/alger16.dz\/index.php?rest_route=\/wp\/v2\/posts\/56806\/revisions"}],"predecessor-version":[{"id":56808,"href":"https:\/\/alger16.dz\/index.php?rest_route=\/wp\/v2\/posts\/56806\/revisions\/56808"}],"wp:featuredmedia":[{"embeddable":true,"href":"https:\/\/alger16.dz\/index.php?rest_route=\/wp\/v2\/media\/56807"}],"wp:attachment":[{"href":"https:\/\/alger16.dz\/index.php?rest_route=%2Fwp%2Fv2%2Fmedia&parent=56806"}],"wp:term":[{"taxonomy":"category","embeddable":true,"href":"https:\/\/alger16.dz\/index.php?rest_route=%2Fwp%2Fv2%2Fcategories&post=56806"},{"taxonomy":"post_tag","embeddable":true,"href":"https:\/\/alger16.dz\/index.php?rest_route=%2Fwp%2Fv2%2Ftags&post=56806"}],"curies":[{"name":"wp","href":"https:\/\/api.w.org\/{rel}","templated":true}]}}