{"id":56878,"date":"2026-03-10T16:12:00","date_gmt":"2026-03-10T16:12:00","guid":{"rendered":"https:\/\/alger16.dz\/?p=56878"},"modified":"2026-04-11T21:18:01","modified_gmt":"2026-04-11T21:18:01","slug":"sayoud-letat-engage-a-assurer-tous-les-moyens-pour-lapplication-effective-du-code-de-la-route","status":"publish","type":"post","link":"https:\/\/alger16.dz\/?p=56878","title":{"rendered":"Sayoud: l&rsquo;Etat engag\u00e9 \u00e0 assurer tous les moyens pour l&rsquo;application effective du code de la route"},"content":{"rendered":"\n<figure class=\"wp-block-image size-full\"><img loading=\"lazy\" decoding=\"async\" width=\"900\" height=\"675\" src=\"https:\/\/alger16.dz\/wp-content\/uploads\/2026\/03\/image-108.png\" alt=\"\" class=\"wp-image-56879\" srcset=\"https:\/\/alger16.dz\/wp-content\/uploads\/2026\/03\/image-108.png 900w, https:\/\/alger16.dz\/wp-content\/uploads\/2026\/03\/image-108-300x225.png 300w, https:\/\/alger16.dz\/wp-content\/uploads\/2026\/03\/image-108-768x576.png 768w\" sizes=\"auto, (max-width: 900px) 100vw, 900px\" \/><\/figure>\n\n\n\n<p><strong>Le ministre de l&rsquo;Int\u00e9rieur, des Collectivit\u00e9s locales et des Transports, Sa\u00efd Sayoud, a soulign\u00e9, mardi, l&rsquo;engagement de l&rsquo;Etat \u00e0 assurer tous les moyens permettant l&rsquo;application effective du code de la route, afin de faire respecter l&rsquo;ordre public et prot\u00e9ger la vie des citoyens.<\/strong><\/p>\n\n\n\n<p>Lors de sa r\u00e9union avec les repr\u00e9sentants des syndicats des transporteurs pour discuter du texte du code de la route adopt\u00e9, lundi, par l&rsquo;Assembl\u00e9e populaire nationale (APN), apr\u00e8s r\u00e9examen des articles objet de d\u00e9saccord, M. Sayoud a r\u00e9it\u00e9r\u00e9 \u00ab\u00a0l&rsquo;engagement de l&rsquo;Etat \u00e0 assurer tous les moyens permettant l&rsquo;application effective de ce code\u00a0\u00bb, soulignant que les dispositions pr\u00e9vues dans le nouveau code de la route visent \u00e0 \u00ab\u00a0faire respecter l&rsquo;ordre public et \u00e0 prot\u00e9ger la vie des citoyens\u00a0\u00bb.<\/p>\n\n\n\n<p>Apr\u00e8s avoir \u00e9cout\u00e9 les pr\u00e9occupations des repr\u00e9sentants des syndicats des transporteurs, le ministre a pr\u00e9cis\u00e9 que certains dossiers soulev\u00e9s n\u00e9cessitent l&rsquo;organisation de workshops sp\u00e9cialis\u00e9s regroupant diff\u00e9rents acteurs, notamment en ce qui concerne les modalit\u00e9s d&rsquo;attribution des bus import\u00e9s, en application de la d\u00e9cision du pr\u00e9sident de la R\u00e9publique, M. Abdelmadjid Tebboune, et que \u00ab\u00a0les m\u00e9canismes de leur distribution et d&rsquo;exploitation seront d\u00e9finis au niveau du gouvernement, de mani\u00e8re \u00e0 garantir leur affectation en fonction des besoins et sp\u00e9cificit\u00e9s des wilayas\u00a0\u00bb.<\/p>\n\n\n\n<p>Il a \u00e9galement donn\u00e9 des instructions pour recevoir les repr\u00e9sentants des transporteurs dans les plus brefs d\u00e9lais afin d&rsquo;examiner leurs propositions relatives aux modalit\u00e9s de retrait des bus ayant plus de 30 ans de service, permettant ainsi le renouvellement du parc national de transport et l&rsquo;am\u00e9lioration des conditions de s\u00e9curit\u00e9 et de la qualit\u00e9 des services fournis aux citoyens.<\/p>\n\n\n\n<p>Il a indiqu\u00e9, dans ce contexte, que les services du minist\u00e8re ont \u00e9labor\u00e9 \u00ab\u00a0une feuille de route globale pour l&rsquo;organisation du secteur des transports, en concertation avec les diff\u00e9rents acteurs, comprenant une s\u00e9rie de mesures visant \u00e0 faciliter l&rsquo;octroi des autorisations et \u00e0 permettre aux transporteurs d&rsquo;exploiter les lignes existantes et d&rsquo;en ouvrir de nouvelles, outre l&rsquo;actualisation des plans de circulation \u00e0 travers les wilayas, afin de cr\u00e9er un environnement de travail plus organis\u00e9 et flexible au profit des professionnels et d&rsquo;am\u00e9liorer les services de transport public pour les citoyens\u00a0\u00bb.<\/p>\n\n\n\n<p>M. Sayoud s&rsquo;est \u00e9galement arr\u00eat\u00e9 sur le vaste mouvement ayant touch\u00e9 le corps des directeurs des transports dans plusieurs wilayas, dans le cadre de \u00ab\u00a0la nouvelle dynamique du secteur et du renforcement de l&rsquo;efficacit\u00e9 de la gestion de terrain\u00a0\u00bb, rappelant, \u00e0 ce titre, les mesures prises au niveau du secteur, notamment l&rsquo;octroi d&rsquo;autorisations d&rsquo;exploitation des taxis et l&rsquo;ouverture de nouvelles lignes au profit des propri\u00e9taires de bus, ce qui est de nature \u00e0 \u00ab\u00a0organiser l&rsquo;activit\u00e9 et \u00e0 permettre aux professionnels d&rsquo;exercer dans des conditions plus claires et stables\u00a0\u00bb.<\/p>\n\n\n\n<p>De leur c\u00f4t\u00e9, les repr\u00e9sentants des syndicats ont salu\u00e9 l&rsquo;attention particuli\u00e8re accord\u00e9e par le pr\u00e9sident de la R\u00e9publique, ainsi que celle des pouvoirs publics \u00e0 leurs pr\u00e9occupations, r\u00e9affirmant leur pleine disponibilit\u00e9 \u00e0 contribuer \u00e0 la concr\u00e9tisation des diff\u00e9rentes mesures visant \u00e0 organiser le secteur et \u00e0 am\u00e9liorer les services de transport.<\/p>\n","protected":false},"excerpt":{"rendered":"<p>Le ministre de l&rsquo;Int\u00e9rieur, des Collectivit\u00e9s locales et des Transports, Sa\u00efd Sayoud, a soulign\u00e9, mardi, l&rsquo;engagement de l&rsquo;Etat \u00e0 assurer tous les moyens permettant l&rsquo;application effective du code de la route, afin de faire respecter l&rsquo;ordre public et prot\u00e9ger la vie des citoyens. Lors de sa r\u00e9union avec les repr\u00e9sentants [&hellip;]<\/p>\n","protected":false},"author":3,"featured_media":56879,"comment_status":"closed","ping_status":"open","sticky":false,"template":"","format":"standard","meta":{"footnotes":""},"categories":[36],"tags":[773],"class_list":["post-56878","post","type-post","status-publish","format-standard","has-post-thumbnail","hentry","category-actualites","tag-said-sayoud"],"_links":{"self":[{"href":"https:\/\/alger16.dz\/index.php?rest_route=\/wp\/v2\/posts\/56878","targetHints":{"allow":["GET"]}}],"collection":[{"href":"https:\/\/alger16.dz\/index.php?rest_route=\/wp\/v2\/posts"}],"about":[{"href":"https:\/\/alger16.dz\/index.php?rest_route=\/wp\/v2\/types\/post"}],"author":[{"embeddable":true,"href":"https:\/\/alger16.dz\/index.php?rest_route=\/wp\/v2\/users\/3"}],"replies":[{"embeddable":true,"href":"https:\/\/alger16.dz\/index.php?rest_route=%2Fwp%2Fv2%2Fcomments&post=56878"}],"version-history":[{"count":1,"href":"https:\/\/alger16.dz\/index.php?rest_route=\/wp\/v2\/posts\/56878\/revisions"}],"predecessor-version":[{"id":56880,"href":"https:\/\/alger16.dz\/index.php?rest_route=\/wp\/v2\/posts\/56878\/revisions\/56880"}],"wp:featuredmedia":[{"embeddable":true,"href":"https:\/\/alger16.dz\/index.php?rest_route=\/wp\/v2\/media\/56879"}],"wp:attachment":[{"href":"https:\/\/alger16.dz\/index.php?rest_route=%2Fwp%2Fv2%2Fmedia&parent=56878"}],"wp:term":[{"taxonomy":"category","embeddable":true,"href":"https:\/\/alger16.dz\/index.php?rest_route=%2Fwp%2Fv2%2Fcategories&post=56878"},{"taxonomy":"post_tag","embeddable":true,"href":"https:\/\/alger16.dz\/index.php?rest_route=%2Fwp%2Fv2%2Ftags&post=56878"}],"curies":[{"name":"wp","href":"https:\/\/api.w.org\/{rel}","templated":true}]}}