{"id":56919,"date":"2026-03-11T00:31:00","date_gmt":"2026-03-11T00:31:00","guid":{"rendered":"https:\/\/alger16.dz\/?p=56919"},"modified":"2026-03-12T01:42:23","modified_gmt":"2026-03-12T01:42:23","slug":"fibre-optique-smw4-des-travaux-de-maintenance-programmes-au-niveau-du-cable-sous-marin","status":"publish","type":"post","link":"https:\/\/alger16.dz\/?p=56919","title":{"rendered":"Fibre optique SMW4 : Des travaux de maintenance programm\u00e9s au niveau du c\u00e2ble sous-marin"},"content":{"rendered":"\n<figure class=\"wp-block-image size-large\"><img loading=\"lazy\" decoding=\"async\" width=\"1024\" height=\"576\" src=\"https:\/\/alger16.dz\/wp-content\/uploads\/2026\/03\/1-2-1024x576.jpg\" alt=\"\" class=\"wp-image-56920\" srcset=\"https:\/\/alger16.dz\/wp-content\/uploads\/2026\/03\/1-2-1024x576.jpg 1024w, https:\/\/alger16.dz\/wp-content\/uploads\/2026\/03\/1-2-300x169.jpg 300w, https:\/\/alger16.dz\/wp-content\/uploads\/2026\/03\/1-2-768x432.jpg 768w, https:\/\/alger16.dz\/wp-content\/uploads\/2026\/03\/1-2.jpg 1100w\" sizes=\"auto, (max-width: 1024px) 100vw, 1024px\" \/><\/figure>\n\n\n\n<p>Le minist\u00e8re de la Poste et des T\u00e9l\u00e9communications a annonc\u00e9 lundi dernier, dans un communiqu\u00e9, que des travaux de maintenance sont programm\u00e9s au niveau du c\u00e2ble sous-marin de fibre optique SMW4, et ce, au niveau de la station de Palerme (Italie) dans le cadre de \u00ab\u00a0la maintenance p\u00e9riodique et pr\u00e9ventive de l&rsquo;infrastructure internationale des t\u00e9l\u00e9communications\u00a0\u00bb. Ces travaux techniques s&rsquo;inscrivent \u00ab\u00a0dans le cadre du programme de maintenance supervis\u00e9 par les instances internationales charg\u00e9es de la gestion de ce c\u00e2ble sous-marin, les interventions devant concerner le dispositif d&rsquo;alimentation \u00e9lectrique de la station\u00a0\u00bb, selon le communiqu\u00e9. L&rsquo;op\u00e9ration se d\u00e9roulera selon le calendrier suivant : la p\u00e9riode principale, journ\u00e9e du 10 mars 2026, de 8h00 \u00e0 12h00, et la p\u00e9riode de r\u00e9serve (le cas \u00e9ch\u00e9ant), journ\u00e9e du 11 mars, de 8h00 \u00e0 12h00. \u00ab\u00a0Durant cette p\u00e9riode, certaines perturbations provisoires peuvent \u00eatre enregistr\u00e9es dans le flux d\u2019internet en raison des travaux de maintenance qui peuvent toucher une partie de la bande passante via ce c\u00e2ble sous-marin reliant Annaba \u00e0 Palerme\u00a0\u00bb, ajoute le communiqu\u00e9. A cet \u00e9gard, le minist\u00e8re affirme que \u00ab\u00a0les services techniques des op\u00e9rateurs de t\u00e9l\u00e9communications en Alg\u00e9rie sont mobilis\u00e9s pour prendre les mesures n\u00e9cessaires afin de minimiser l&rsquo;impact de ces travaux et de garantir la continuit\u00e9 du service via les autres c\u00e2bles internationaux\u00a0\u00bb.<br>Le minist\u00e8re de la Poste et des T\u00e9l\u00e9communications rassure l&rsquo;ensemble des citoyens et des usagers que cette op\u00e9ration est \u00ab\u00a0temporaire et programm\u00e9e dans le cadre d&rsquo;une maintenance pr\u00e9ventive p\u00e9riodique visant \u00e0 assurer la stabilit\u00e9 et la qualit\u00e9 de la connexion internet internationale sur le moyen et le long terme\u00a0\u00bb.<\/p>\n","protected":false},"excerpt":{"rendered":"<p>Le minist\u00e8re de la Poste et des T\u00e9l\u00e9communications a annonc\u00e9 lundi dernier, dans un communiqu\u00e9, que des travaux de maintenance sont programm\u00e9s au niveau du c\u00e2ble sous-marin de fibre optique SMW4, et ce, au niveau de la station de Palerme (Italie) dans le cadre de \u00ab\u00a0la maintenance p\u00e9riodique et pr\u00e9ventive [&hellip;]<\/p>\n","protected":false},"author":3,"featured_media":56920,"comment_status":"closed","ping_status":"open","sticky":false,"template":"","format":"standard","meta":{"footnotes":""},"categories":[62],"tags":[4694],"class_list":["post-56919","post","type-post","status-publish","format-standard","has-post-thumbnail","hentry","category-le-savez-vous","tag-smw4"],"_links":{"self":[{"href":"https:\/\/alger16.dz\/index.php?rest_route=\/wp\/v2\/posts\/56919","targetHints":{"allow":["GET"]}}],"collection":[{"href":"https:\/\/alger16.dz\/index.php?rest_route=\/wp\/v2\/posts"}],"about":[{"href":"https:\/\/alger16.dz\/index.php?rest_route=\/wp\/v2\/types\/post"}],"author":[{"embeddable":true,"href":"https:\/\/alger16.dz\/index.php?rest_route=\/wp\/v2\/users\/3"}],"replies":[{"embeddable":true,"href":"https:\/\/alger16.dz\/index.php?rest_route=%2Fwp%2Fv2%2Fcomments&post=56919"}],"version-history":[{"count":1,"href":"https:\/\/alger16.dz\/index.php?rest_route=\/wp\/v2\/posts\/56919\/revisions"}],"predecessor-version":[{"id":56921,"href":"https:\/\/alger16.dz\/index.php?rest_route=\/wp\/v2\/posts\/56919\/revisions\/56921"}],"wp:featuredmedia":[{"embeddable":true,"href":"https:\/\/alger16.dz\/index.php?rest_route=\/wp\/v2\/media\/56920"}],"wp:attachment":[{"href":"https:\/\/alger16.dz\/index.php?rest_route=%2Fwp%2Fv2%2Fmedia&parent=56919"}],"wp:term":[{"taxonomy":"category","embeddable":true,"href":"https:\/\/alger16.dz\/index.php?rest_route=%2Fwp%2Fv2%2Fcategories&post=56919"},{"taxonomy":"post_tag","embeddable":true,"href":"https:\/\/alger16.dz\/index.php?rest_route=%2Fwp%2Fv2%2Ftags&post=56919"}],"curies":[{"name":"wp","href":"https:\/\/api.w.org\/{rel}","templated":true}]}}