{"id":56940,"date":"2026-03-11T00:47:00","date_gmt":"2026-03-11T00:47:00","guid":{"rendered":"https:\/\/alger16.dz\/?p=56940"},"modified":"2026-04-11T21:18:01","modified_gmt":"2026-04-11T21:18:01","slug":"developpement-du-gisement-de-gara-djebilet-une-transformation-economique-et-sociale-importante","status":"publish","type":"post","link":"https:\/\/alger16.dz\/?p=56940","title":{"rendered":"D\u00e9veloppement du gisement de Gara Djebilet : Une transformation \u00e9conomique et sociale importante"},"content":{"rendered":"\n<figure class=\"wp-block-image size-full\"><img loading=\"lazy\" decoding=\"async\" width=\"562\" height=\"419\" src=\"https:\/\/alger16.dz\/wp-content\/uploads\/2026\/03\/gara.jpg\" alt=\"\" class=\"wp-image-56941\" srcset=\"https:\/\/alger16.dz\/wp-content\/uploads\/2026\/03\/gara.jpg 562w, https:\/\/alger16.dz\/wp-content\/uploads\/2026\/03\/gara-300x224.jpg 300w\" sizes=\"auto, (max-width: 562px) 100vw, 562px\" \/><\/figure>\n\n\n\n<p><strong>Le projet minier de Gara Djebilet s\u2019impose progressivement comme l\u2019un des piliers de la strat\u00e9gie industrielle de l\u2019Alg\u00e9rie. R\u00e9uni lundi dernier \u00e0 Alger, le Conseil national \u00e9conomique, social et environnemental (CNESE) a consacr\u00e9 une conf\u00e9rence \u00e0 ce projet d\u2019envergure sous le th\u00e8me : \u00ab Gara Djebilet : du gisement minier \u00e0 l\u2019espace de d\u00e9veloppement durable \u00bb. Des experts ont mis en lumi\u00e8re les dimensions \u00e9conomiques de ce projet phare.<\/strong><\/p>\n\n\n\n<p>La conf\u00e9rence s\u2019est tenue en pr\u00e9sence de plusieurs hauts responsables, dont la secr\u00e9taire d\u2019\u00c9tat charg\u00e9e des Mines Karima Bakir Tafer, le conseiller du pr\u00e9sident de la R\u00e9publique charg\u00e9 des questions financi\u00e8res Farid Yaici, le pr\u00e9sident de l\u2019Agence nationale de s\u00e9curit\u00e9 sanitaire Kamel Sanhadji et le directeur g\u00e9n\u00e9ral de l\u2019Agence alg\u00e9rienne de promotion de l\u2019investissement, Omar Rekkache, aux c\u00f4t\u00e9s de repr\u00e9sentants institutionnels, d\u2019experts et d\u2019enseignants universitaires.<br>Dans son allocution d\u2019ouverture, le pr\u00e9sident du Conseil national \u00e9conomique, social et environnemental, Mohamed Boukhari, a soulign\u00e9 la port\u00e9e strat\u00e9gique du gisement de Gara Djebilet, consid\u00e9r\u00e9 comme l\u2019un des plus importants projets miniers du continent africain.<br>Selon lui, ce projet d\u00e9passe largement la simple exploitation d\u2019un gisement de fer. Il incarne plut\u00f4t une vision globale d\u2019am\u00e9nagement \u00e9conomique int\u00e9grant l\u2019ensemble de la cha\u00eene industrielle.<br>\u00ab Cette infrastructure g\u00e9ante, r\u00e9alis\u00e9e en un temps record, constitue la concr\u00e9tisation d\u2019un espace \u00e9conomique o\u00f9 s\u2019articulent de mani\u00e8re int\u00e9gr\u00e9e les cha\u00eenes d\u2019extraction, de transport, d\u2019\u00e9nergie, de transformation industrielle et de d\u00e9veloppement local dans une architecture coh\u00e9rente et interconnect\u00e9e \u00bb, a-t-il affirm\u00e9.<br>Une telle approche vise \u00e0 renforcer la souverainet\u00e9 industrielle du pays tout en am\u00e9liorant la comp\u00e9titivit\u00e9 de l\u2019\u00e9conomie nationale et en favorisant sa diversification, un objectif devenu central dans la strat\u00e9gie \u00e9conomique de l\u2019Alg\u00e9rie.<\/p>\n\n\n\n<p><strong>La mine, levier de souverainet\u00e9 \u00e9conomique<br><\/strong>De son c\u00f4t\u00e9, la secr\u00e9taire d\u2019\u00c9tat charg\u00e9e des Mines Karima Bakir Tafer a insist\u00e9 sur la dimension strat\u00e9gique de la d\u00e9cision pr\u00e9sidentielle ayant permis de relancer l\u2019exploitation du gisement.<br>Selon elle, Gara Djebilet repr\u00e9sente \u00abla pierre angulaire du renforcement de la souverainet\u00e9 \u00e9conomique nationale \u00bb, notamment gr\u00e2ce \u00e0 la valorisation des ressources mini\u00e8res du pays.<br>Elle a rappel\u00e9 que le lancement du projet s\u2019accompagne de la r\u00e9alisation d\u2019infrastructures structurantes, \u00e0 l\u2019image de la ligne ferroviaire mini\u00e8re reliant Tindouf, B\u00e9char et Gara Djebilet, destin\u00e9e \u00e0 assurer le transport du minerai vers les zones industrielles et les ports d\u2019exportation.<br>Mais, selon elle, l\u2019ambition du projet ne se limite pas \u00e0 l\u2019extraction du fer. Il s\u2019inscrit dans une strat\u00e9gie de construction d\u2019une cha\u00eene de valeur industrielle int\u00e9gr\u00e9e, incluant l\u2019exploitation, le traitement et la transformation du minerai.<br>Un tel mod\u00e8le permettrait \u00e0 l\u2019Alg\u00e9rie de r\u00e9duire sensiblement ses importations de produits sid\u00e9rurgiques tout en d\u00e9veloppant ses capacit\u00e9s d\u2019exportation industrielle.<\/p>\n\n\n\n<p><strong>Un moteur de transformation pour le Grand Sud-Ouest<br><\/strong>Au-del\u00e0 de sa dimension industrielle, le projet pourrait \u00e9galement produire des effets structurants sur le plan territorial. Les installations li\u00e9es \u00e0 Gara Djebilet et aux p\u00f4les industriels associ\u00e9s \u00e0 Tindouf, B\u00e9char et Na\u00e2ma devraient g\u00e9n\u00e9rer des transformations \u00e9conomiques et sociales importantes dans le Grand Sud-Ouest.<br>Selon les estimations pr\u00e9sent\u00e9es lors de la conf\u00e9rence, le projet pourrait permettre la cr\u00e9ation d\u2019environ 24.000 emplois directs et indirects, contribuant ainsi \u00e0 structurer un nouveau p\u00f4le industriel r\u00e9gional.<br>\u00c0 terme, cette dynamique pourrait transformer cette vaste r\u00e9gion saharienne en v\u00e9ritable moteur de croissance, capable de soutenir la diversification \u00e9conomique nationale.<br>Sur le plan scientifique et industriel, les \u00e9tudes r\u00e9alis\u00e9es autour du projet semblent \u00e9galement rassurantes. Le directeur du laboratoire de recherche en g\u00e9nie minier \u00e0 l\u2019\u00c9cole nationale polytechnique, Malek Ould Hammou, a indiqu\u00e9 que les analyses men\u00e9es confirment la faisabilit\u00e9 technique de l\u2019exploitation du gisement.<br>Il a notamment soulign\u00e9 que la teneur du minerai de fer pr\u00e9sent dans le gisement d\u00e9passe les standards requis au niveau international, ce qui renforce la rentabilit\u00e9 potentielle du projet.<\/p>\n\n\n\n<p><strong>Vers un nouveau mod\u00e8le de corridor industriel<br><\/strong>Pour la membre du Conseil national \u00e9conomique, social et environnemental, Zahra Bouras, l\u2019approche adopt\u00e9e dans le projet marque une rupture avec les mod\u00e8les traditionnels d\u2019am\u00e9nagement des ressources.<br>Alors que les anciens \u00ab corridors de ressources \u00bb se limitaient \u00e0 relier les zones d\u2019extraction aux infrastructures de transport, le projet de Gara Djebilet repose sur une logique beaucoup plus int\u00e9gr\u00e9e. Il s\u2019agit d\u00e9sormais de construire un corridor industriel complet, reliant les sites d\u2019extraction aux infrastructures logistiques mais aussi aux zones de transformation et aux p\u00f4les de d\u00e9veloppement territorial.<br>\u00c0 travers ce projet, l\u2019Alg\u00e9rie ne cherche pas seulement \u00e0 exploiter un gisement minier. Elle tente surtout de b\u00e2tir un mod\u00e8le de d\u00e9veloppement fond\u00e9 sur la valorisation de ses ressources naturelles, l\u2019industrialisation et la cr\u00e9ation de valeur locale.<br>Si les ambitions affich\u00e9es se concr\u00e9tisent pleinement, Gara Djebilet pourrait ainsi devenir bien plus qu\u2019une mine : un v\u00e9ritable laboratoire de la nouvelle strat\u00e9gie industrielle du pays, o\u00f9 infrastructures, industrie et d\u00e9veloppement territorial convergent pour red\u00e9finir la place de l\u2019Alg\u00e9rie dans l\u2019\u00e9conomie r\u00e9gionale et mondiale.<br><strong>G. S. E.<\/strong><\/p>\n","protected":false},"excerpt":{"rendered":"<p>Le projet minier de Gara Djebilet s\u2019impose progressivement comme l\u2019un des piliers de la strat\u00e9gie industrielle de l\u2019Alg\u00e9rie. R\u00e9uni lundi dernier \u00e0 Alger, le Conseil national \u00e9conomique, social et environnemental (CNESE) a consacr\u00e9 une conf\u00e9rence \u00e0 ce projet d\u2019envergure sous le th\u00e8me : \u00ab Gara Djebilet : du gisement minier [&hellip;]<\/p>\n","protected":false},"author":3,"featured_media":56941,"comment_status":"closed","ping_status":"open","sticky":false,"template":"","format":"standard","meta":{"footnotes":""},"categories":[63],"tags":[2381,3342],"class_list":["post-56940","post","type-post","status-publish","format-standard","has-post-thumbnail","hentry","category-economie","tag-cnese","tag-gara-djebilet"],"_links":{"self":[{"href":"https:\/\/alger16.dz\/index.php?rest_route=\/wp\/v2\/posts\/56940","targetHints":{"allow":["GET"]}}],"collection":[{"href":"https:\/\/alger16.dz\/index.php?rest_route=\/wp\/v2\/posts"}],"about":[{"href":"https:\/\/alger16.dz\/index.php?rest_route=\/wp\/v2\/types\/post"}],"author":[{"embeddable":true,"href":"https:\/\/alger16.dz\/index.php?rest_route=\/wp\/v2\/users\/3"}],"replies":[{"embeddable":true,"href":"https:\/\/alger16.dz\/index.php?rest_route=%2Fwp%2Fv2%2Fcomments&post=56940"}],"version-history":[{"count":1,"href":"https:\/\/alger16.dz\/index.php?rest_route=\/wp\/v2\/posts\/56940\/revisions"}],"predecessor-version":[{"id":56988,"href":"https:\/\/alger16.dz\/index.php?rest_route=\/wp\/v2\/posts\/56940\/revisions\/56988"}],"wp:featuredmedia":[{"embeddable":true,"href":"https:\/\/alger16.dz\/index.php?rest_route=\/wp\/v2\/media\/56941"}],"wp:attachment":[{"href":"https:\/\/alger16.dz\/index.php?rest_route=%2Fwp%2Fv2%2Fmedia&parent=56940"}],"wp:term":[{"taxonomy":"category","embeddable":true,"href":"https:\/\/alger16.dz\/index.php?rest_route=%2Fwp%2Fv2%2Fcategories&post=56940"},{"taxonomy":"post_tag","embeddable":true,"href":"https:\/\/alger16.dz\/index.php?rest_route=%2Fwp%2Fv2%2Ftags&post=56940"}],"curies":[{"name":"wp","href":"https:\/\/api.w.org\/{rel}","templated":true}]}}