{"id":56962,"date":"2026-03-11T00:21:00","date_gmt":"2026-03-11T00:21:00","guid":{"rendered":"https:\/\/alger16.dz\/?p=56962"},"modified":"2026-03-12T02:23:12","modified_gmt":"2026-03-12T02:23:12","slug":"real-madrid-ligue-des-champions-mbappe-forfait-contre-man-city","status":"publish","type":"post","link":"https:\/\/alger16.dz\/?p=56962","title":{"rendered":"Real Madrid\/Ligue des champions : Mbapp\u00e9 forfait contre Man City"},"content":{"rendered":"\n<figure class=\"wp-block-image size-large\"><img loading=\"lazy\" decoding=\"async\" width=\"1024\" height=\"575\" src=\"https:\/\/alger16.dz\/wp-content\/uploads\/2026\/03\/image-123-1024x575.png\" alt=\"\" class=\"wp-image-56963\" srcset=\"https:\/\/alger16.dz\/wp-content\/uploads\/2026\/03\/image-123-1024x575.png 1024w, https:\/\/alger16.dz\/wp-content\/uploads\/2026\/03\/image-123-300x169.png 300w, https:\/\/alger16.dz\/wp-content\/uploads\/2026\/03\/image-123-768x432.png 768w, https:\/\/alger16.dz\/wp-content\/uploads\/2026\/03\/image-123.png 1260w\" sizes=\"auto, (max-width: 1024px) 100vw, 1024px\" \/><\/figure>\n\n\n\n<p><strong>Le Real Madrid a officialis\u00e9, mardi dernier, l\u2019absence de Kylian Mbapp\u00e9 pour le huiti\u00e8me de finale aller de la UEFA Champions League face \u00e0 Manchester City, programm\u00e9 aujourd\u2019hui \u00e0 21 heures.<\/strong><\/p>\n\n\n\n<p>L\u2019attaquant fran\u00e7ais poursuit toujours sa convalescence apr\u00e8s l\u2019entorse au genou gauche contract\u00e9e, il y a plusieurs semaines, et le staff m\u00e9dical madril\u00e8ne pr\u00e9f\u00e8re ne prendre aucun risque avant un rendez-vous aussi important.<br>Le doute qui planait encore ces derniers jours est donc d\u00e9sormais lev\u00e9. Mbapp\u00e9 ne sera pas pr\u00e9sent pour ce choc europ\u00e9en tr\u00e8s attendu entre deux des principaux favoris de la comp\u00e9tition. Le capitaine de l\u2019\u00e9quipe de France n\u2019a plus disput\u00e9 la moindre minute depuis la d\u00e9faite du Real Madrid sur la pelouse du CA Osasuna en championnat, le 21 f\u00e9vrier dernier (2-1). Cette rencontre avait marqu\u00e9 le d\u00e9but d\u2019une p\u00e9riode d\u2019incertitude autour de l\u2019\u00e9tat physique de l\u2019ancien joueur du Paris Saint- Germain.<br>Apr\u00e8s avoir suivi une premi\u00e8re phase de soins \u00e0 Paris, Mbapp\u00e9 est revenu dans la capitale espagnole afin de poursuivre sa r\u00e9\u00e9ducation avec le staff m\u00e9dical madril\u00e8ne. Le club merengue a d\u2019ailleurs publi\u00e9 plusieurs images du joueur \u00e0 l\u2019entra\u00eenement, o\u00f9 on le voit effectuer des courses individuelles sur le terrain. Ces exercices montrent que sa r\u00e9cup\u00e9ration progresse, mais il n\u2019est pas encore pr\u00eat \u00e0 reprendre la comp\u00e9tition \u00e0 haute intensit\u00e9.<br>L\u2019objectif du Real Madrid est d\u00e9sormais clair : r\u00e9cup\u00e9rer son attaquant vedette pour le match retour contre Manchester City. Si son \u00e9volution continue d\u2019\u00eatre positive et que les m\u00e9decins donnent leur feu vert, Mbapp\u00e9 pourrait faire son retour \u00e0 cette occasion, un rendez-vous qui pourrait \u00eatre d\u00e9cisif dans la course \u00e0 la qualification pour les quarts de finale.<br>Cependant, le Fran\u00e7ais n\u2019est pas le seul absent au sein de l\u2019effectif madril\u00e8ne. L\u2019infirmerie du club est particuli\u00e8rement charg\u00e9e ces derniers jours, compliquant la t\u00e2che du staff technique \u00e0 l\u2019approche de ce duel europ\u00e9en. Lors de la s\u00e9ance d\u2019entra\u00eenement de mardi dernier, pas moins de sept joueurs manquaient \u00e0 l\u2019appel.<br>La blessure la plus grave concerne Rodrygo. L\u2019attaquant br\u00e9silien a \u00e9t\u00e9 victime d\u2019une rupture du ligament crois\u00e9 ant\u00e9rieur du genou droit lors du match face au RC Celta de Vigo, la semaine derni\u00e8re. Touch\u00e9 lors de cette rencontre de Liga, il a d\u00fb quitter le terrain pr\u00e9matur\u00e9ment. Le diagnostic est rapidement tomb\u00e9, mettant un terme brutal \u00e0 sa saison. Le Real Madrid a confirm\u00e9 mardi dernier que le joueur avait \u00e9t\u00e9 op\u00e9r\u00e9 avec succ\u00e8s, entamant d\u00e9sormais une longue p\u00e9riode de r\u00e9\u00e9ducation.<br>D\u2019autres cadres de l\u2019effectif sont \u00e9galement indisponibles pour cette premi\u00e8re manche face aux Skyblues. Dani Ceballos, Jude Bellingham, \u00c9der Milit\u00e3o, \u00c1lvaro Carreras et David Alaba figurent eux aussi sur la liste des absents.<br>Dans ce contexte d\u00e9licat, l\u2019entra\u00eeneur madril\u00e8ne \u00c1lvaro Arbeloa devra composer avec un groupe r\u00e9duit, notamment dans le secteur offensif. Pour affronter Manchester City, il ne pourra compter que sur trois v\u00e9ritables options en attaque : Vin\u00edcius J\u00fanior, le jeune Gonzalo Garc\u00eda, ainsi que la p\u00e9pite argentine Franco Mastantuono.<br>Malgr\u00e9 ces nombreuses absences, le Real Madrid esp\u00e8re n\u00e9anmoins s\u2019appuyer sur l\u2019exp\u00e9rience europ\u00e9enne de son groupe et sur le soutien du public du Santiago Bernab\u00e9u pour r\u00e9sister \u00e0 la puissance collective de Manchester City dans ce choc au sommet des huiti\u00e8mes de finale de la Ligue des champions.<br><strong>A.Amine<\/strong><\/p>\n","protected":false},"excerpt":{"rendered":"<p>Le Real Madrid a officialis\u00e9, mardi dernier, l\u2019absence de Kylian Mbapp\u00e9 pour le huiti\u00e8me de finale aller de la UEFA Champions League face \u00e0 Manchester City, programm\u00e9 aujourd\u2019hui \u00e0 21 heures. L\u2019attaquant fran\u00e7ais poursuit toujours sa convalescence apr\u00e8s l\u2019entorse au genou gauche contract\u00e9e, il y a plusieurs semaines, et le [&hellip;]<\/p>\n","protected":false},"author":3,"featured_media":56963,"comment_status":"closed","ping_status":"open","sticky":false,"template":"","format":"standard","meta":{"footnotes":""},"categories":[61],"tags":[1129,293,414,256],"class_list":["post-56962","post","type-post","status-publish","format-standard","has-post-thumbnail","hentry","category-sport","tag-ligue-des-champions","tag-manchester-city","tag-mbappe","tag-real-madrid"],"_links":{"self":[{"href":"https:\/\/alger16.dz\/index.php?rest_route=\/wp\/v2\/posts\/56962","targetHints":{"allow":["GET"]}}],"collection":[{"href":"https:\/\/alger16.dz\/index.php?rest_route=\/wp\/v2\/posts"}],"about":[{"href":"https:\/\/alger16.dz\/index.php?rest_route=\/wp\/v2\/types\/post"}],"author":[{"embeddable":true,"href":"https:\/\/alger16.dz\/index.php?rest_route=\/wp\/v2\/users\/3"}],"replies":[{"embeddable":true,"href":"https:\/\/alger16.dz\/index.php?rest_route=%2Fwp%2Fv2%2Fcomments&post=56962"}],"version-history":[{"count":1,"href":"https:\/\/alger16.dz\/index.php?rest_route=\/wp\/v2\/posts\/56962\/revisions"}],"predecessor-version":[{"id":56964,"href":"https:\/\/alger16.dz\/index.php?rest_route=\/wp\/v2\/posts\/56962\/revisions\/56964"}],"wp:featuredmedia":[{"embeddable":true,"href":"https:\/\/alger16.dz\/index.php?rest_route=\/wp\/v2\/media\/56963"}],"wp:attachment":[{"href":"https:\/\/alger16.dz\/index.php?rest_route=%2Fwp%2Fv2%2Fmedia&parent=56962"}],"wp:term":[{"taxonomy":"category","embeddable":true,"href":"https:\/\/alger16.dz\/index.php?rest_route=%2Fwp%2Fv2%2Fcategories&post=56962"},{"taxonomy":"post_tag","embeddable":true,"href":"https:\/\/alger16.dz\/index.php?rest_route=%2Fwp%2Fv2%2Ftags&post=56962"}],"curies":[{"name":"wp","href":"https:\/\/api.w.org\/{rel}","templated":true}]}}