{"id":56981,"date":"2026-03-11T00:42:00","date_gmt":"2026-03-11T00:42:00","guid":{"rendered":"https:\/\/alger16.dz\/?p=56981"},"modified":"2026-03-12T02:45:26","modified_gmt":"2026-03-12T02:45:26","slug":"droit-du-peuple-sahraoui-a-lautodetermination-une-coordination-belge-reitere-son-soutien","status":"publish","type":"post","link":"https:\/\/alger16.dz\/?p=56981","title":{"rendered":"Droit du peuple sahraoui \u00e0 l&rsquo;autod\u00e9termination : Une coordination belge r\u00e9it\u00e8re son soutien"},"content":{"rendered":"\n<figure class=\"wp-block-image size-full\"><img loading=\"lazy\" decoding=\"async\" width=\"580\" height=\"350\" src=\"https:\/\/alger16.dz\/wp-content\/uploads\/2026\/03\/rasd-1.jpg\" alt=\"\" class=\"wp-image-56982\" srcset=\"https:\/\/alger16.dz\/wp-content\/uploads\/2026\/03\/rasd-1.jpg 580w, https:\/\/alger16.dz\/wp-content\/uploads\/2026\/03\/rasd-1-300x181.jpg 300w\" sizes=\"auto, (max-width: 580px) 100vw, 580px\" \/><\/figure>\n\n\n\n<p>La Coordination nationale d&rsquo;action pour la paix et la d\u00e9mocratie (CNAPD), regroupant plusieurs organisations de jeunesse belges engag\u00e9es dans la d\u00e9fense de la paix et des droits humains, a r\u00e9affirm\u00e9 son soutien au droit du peuple sahraoui \u00e0 l\u2019autod\u00e9termination \u00e0 l\u2019occasion du cinquanti\u00e8me anniversaire de la proclamation de la R\u00e9publique arabe sahraouie d\u00e9mocratique (RASD), c\u00e9l\u00e9br\u00e9 le 27 f\u00e9vrier.<br>Dans un communiqu\u00e9 publi\u00e9 \u00e0 cette occasion, la coordination rappelle que la question du Sahara occidental reste l\u2019un des derniers grands dossiers de d\u00e9colonisation encore ouverts \u00e0 l\u2019\u00e9chelle internationale. Elle souligne : \u00ab\u00a0Notre solidarit\u00e9 avec le peuple sahraoui et la d\u00e9fense de son droit \u00e0 l&rsquo;autod\u00e9termination constituent un engagement politique fondamental.\u00a0\u00bb<br>Pour la CNAPD, soutenir la cause sahraouie revient avant tout \u00e0 d\u00e9fendre les principes du droit international. Dans cette perspective, l\u2019organisation estime que cette position consiste \u00e0 \u00ab\u00a0d\u00e9fendre le droit international, prot\u00e9ger la coexistence des peuples dans une r\u00e9gion importante et exiger que les Nations unies redeviennent l&rsquo;outil central du respect du droit des peuples \u00e0 disposer d&rsquo;eux-m\u00eames\u00a0\u00bb. Plus d\u2019un demi-si\u00e8cle apr\u00e8s le d\u00e9but du conflit, la coordination consid\u00e8re que la revendication sahraouie reste profond\u00e9ment ancr\u00e9e dans une dynamique historique de lutte pour la libert\u00e9. Selon elle, \u00ab\u00a0une v\u00e9rit\u00e9 demeure : aucun peuple ne renonce \u00e0 sa libert\u00e9\u00a0\u00bb.<br>Dans cette optique, la CNAPD insiste sur le fait que toute solution durable ne peut \u00eatre fond\u00e9e sur le fait accompli. Elle affirme ainsi que \u00ab\u00a0la paix ne peut na\u00eetre ni de l&rsquo;occupation ni du fait accompli, mais uniquement de la justice et du respect du droit \u00e0 l&rsquo;autod\u00e9termination des peuples\u00a0\u00bb.<br>La coordination rend \u00e9galement hommage \u00e0 la pers\u00e9v\u00e9rance du peuple sahraoui, saluant une lutte \u00ab\u00a0exemplaire\u00a0\u00bb qui, selon elle, demeure l\u2019un des derniers grands combats anticoloniaux contemporains. Elle estime en effet que \u00ab\u00a0par sa capacit\u00e9 d&rsquo;organisation, sa r\u00e9silience politique et sa constance diplomatique, la cause sahraouie incarne aujourd&rsquo;hui l&rsquo;un des derniers grands combats anticoloniaux de notre \u00e9poque\u00a0\u00bb.<br>Dans ce contexte, l\u2019organisation rappelle que la RASD si\u00e8ge comme membre \u00e0 part enti\u00e8re de l\u2019Union africaine, illustrant la reconnaissance continentale du droit du peuple sahraoui \u00e0 disposer de lui-m\u00eame.<br>Sur le plan international, le Sahara occidental demeure inscrit sur la liste des territoires non autonomes des Nations unies, pla\u00e7ant l\u2019organisation face \u00e0 sa responsabilit\u00e9 d\u2019\u00a0\u00bbassurer l&rsquo;exercice du droit \u00e0 l&rsquo;autod\u00e9termination\u00a0\u00bb.<br>C\u2019est dans ce cadre qu\u2019a \u00e9t\u00e9 cr\u00e9\u00e9e la Mission des Nations unies pour l&rsquo;organisation d&rsquo;un r\u00e9f\u00e9rendum au Sahara occidental (MINURSO), charg\u00e9e d\u2019organiser un r\u00e9f\u00e9rendum d\u2019autod\u00e9termination. Toutefois, la coordination d\u00e9plore que ce scrutin reste \u00ab\u00a0toujours emp\u00each\u00e9 par la puissance occupante marocaine et par l&rsquo;absence de volont\u00e9 politique de certains membres permanents du Conseil de s\u00e9curit\u00e9\u00a0\u00bb.<br>La CNAPD \u00e9voque \u00e9galement la bataille juridique men\u00e9e en Europe par le Front Polisario concernant les accords conclus entre l\u2019Union europ\u00e9enne et le Maroc incluant les ressources du Sahara occidental. Elle rappelle que la Cour de justice de l&rsquo;Union europ\u00e9enne a \u00ab\u00a0clairement \u00e9tabli\u00a0\u00bb que le Sahara occidental constitue un territoire \u00ab\u00a0distinct et s\u00e9par\u00e9\u00a0\u00bb du Maroc, que ce dernier \u00ab\u00a0n&rsquo;exerce aucune souverainet\u00e9 sur ce territoire\u00a0\u00bb et que toute exploitation des ressources naturelles \u00ab\u00a0n\u00e9cessite le consentement du peuple sahraoui\u00a0\u00bb. Comme le souligne la coordination : \u00ab\u00a0Ces d\u00e9cisions confirment une \u00e9vidence juridique fondamentale : nul ne peut disposer des richesses d&rsquo;un territoire colonis\u00e9 sans l&rsquo;accord de son peuple.\u00a0\u00bb<br>Un demi-si\u00e8cle apr\u00e8s la proclamation de la RASD, la question sahraouie demeure ainsi ouverte. Entre diplomatie paralys\u00e9e, batailles juridiques et revendication persistante d\u2019un peuple, le dossier continue de rappeler une r\u00e9alit\u00e9 simple que le temps n\u2019a pas effac\u00e9e : l\u2019autod\u00e9termination reste, pour les Sahraouis, un droit encore \u00e0 exercer. <br><strong>G. S. E.<\/strong><\/p>\n","protected":false},"excerpt":{"rendered":"<p>La Coordination nationale d&rsquo;action pour la paix et la d\u00e9mocratie (CNAPD), regroupant plusieurs organisations de jeunesse belges engag\u00e9es dans la d\u00e9fense de la paix et des droits humains, a r\u00e9affirm\u00e9 son soutien au droit du peuple sahraoui \u00e0 l\u2019autod\u00e9termination \u00e0 l\u2019occasion du cinquanti\u00e8me anniversaire de la proclamation de la R\u00e9publique [&hellip;]<\/p>\n","protected":false},"author":3,"featured_media":56982,"comment_status":"closed","ping_status":"open","sticky":false,"template":"","format":"standard","meta":{"footnotes":""},"categories":[65],"tags":[4703],"class_list":["post-56981","post","type-post","status-publish","format-standard","has-post-thumbnail","hentry","category-monde","tag-cnapd"],"_links":{"self":[{"href":"https:\/\/alger16.dz\/index.php?rest_route=\/wp\/v2\/posts\/56981","targetHints":{"allow":["GET"]}}],"collection":[{"href":"https:\/\/alger16.dz\/index.php?rest_route=\/wp\/v2\/posts"}],"about":[{"href":"https:\/\/alger16.dz\/index.php?rest_route=\/wp\/v2\/types\/post"}],"author":[{"embeddable":true,"href":"https:\/\/alger16.dz\/index.php?rest_route=\/wp\/v2\/users\/3"}],"replies":[{"embeddable":true,"href":"https:\/\/alger16.dz\/index.php?rest_route=%2Fwp%2Fv2%2Fcomments&post=56981"}],"version-history":[{"count":1,"href":"https:\/\/alger16.dz\/index.php?rest_route=\/wp\/v2\/posts\/56981\/revisions"}],"predecessor-version":[{"id":56983,"href":"https:\/\/alger16.dz\/index.php?rest_route=\/wp\/v2\/posts\/56981\/revisions\/56983"}],"wp:featuredmedia":[{"embeddable":true,"href":"https:\/\/alger16.dz\/index.php?rest_route=\/wp\/v2\/media\/56982"}],"wp:attachment":[{"href":"https:\/\/alger16.dz\/index.php?rest_route=%2Fwp%2Fv2%2Fmedia&parent=56981"}],"wp:term":[{"taxonomy":"category","embeddable":true,"href":"https:\/\/alger16.dz\/index.php?rest_route=%2Fwp%2Fv2%2Fcategories&post=56981"},{"taxonomy":"post_tag","embeddable":true,"href":"https:\/\/alger16.dz\/index.php?rest_route=%2Fwp%2Fv2%2Ftags&post=56981"}],"curies":[{"name":"wp","href":"https:\/\/api.w.org\/{rel}","templated":true}]}}