{"id":56989,"date":"2026-03-12T00:48:00","date_gmt":"2026-03-12T00:48:00","guid":{"rendered":"https:\/\/alger16.dz\/?p=56989"},"modified":"2026-03-12T02:51:16","modified_gmt":"2026-03-12T02:51:16","slug":"inscription-aux-festivals-nationaux-de-la-jeunesse-le-ministere-de-la-jeunesse-lance-la-plateforme-mahrajani","status":"publish","type":"post","link":"https:\/\/alger16.dz\/?p=56989","title":{"rendered":"Inscription aux festivals nationaux de la jeunesse : Le minist\u00e8re de la Jeunesse lance la plateforme \u00ab\u00a0Mahrajani\u00a0\u00bb"},"content":{"rendered":"\n<figure class=\"wp-block-image size-large\"><img loading=\"lazy\" decoding=\"async\" width=\"1024\" height=\"1024\" src=\"https:\/\/alger16.dz\/wp-content\/uploads\/2026\/03\/sv-1024x1024.png\" alt=\"\" class=\"wp-image-56990\" srcset=\"https:\/\/alger16.dz\/wp-content\/uploads\/2026\/03\/sv-1024x1024.png 1024w, https:\/\/alger16.dz\/wp-content\/uploads\/2026\/03\/sv-300x300.png 300w, https:\/\/alger16.dz\/wp-content\/uploads\/2026\/03\/sv-150x150.png 150w, https:\/\/alger16.dz\/wp-content\/uploads\/2026\/03\/sv-768x768.png 768w, https:\/\/alger16.dz\/wp-content\/uploads\/2026\/03\/sv.png 1080w\" sizes=\"auto, (max-width: 1024px) 100vw, 1024px\" \/><\/figure>\n\n\n\n<p>Le minist\u00e8re de la Jeunesse a annonc\u00e9, mardi dernier dans un communiqu\u00e9, le lancement officiel de la plateforme \u00ab\u00a0Mahrajani\u00a0\u00bb, d\u00e9di\u00e9e aux inscriptions aux festivals nationaux de la jeunesse. Dans ce cadre, les jeunes adh\u00e9rents au sein des \u00e9tablissements de jeunesse peuvent s\u2019inscrire exclusivement via la plateforme num\u00e9rique, \u00e0 travers le lien suivant : https:\/\/festival.mjeunesse.gov.dz\/, pr\u00e9cise la m\u00eame source. A l\u2019issue des op\u00e9rations d\u2019inscription, les Directions de la jeunesse et des sports (DJS) \u00e0 travers les diff\u00e9rentes wilayas proc\u00e9deront \u00e0 la s\u00e9lection des meilleurs participants pour repr\u00e9senter leurs wilayas lors de ces manifestations nationales, ajoute la m\u00eame source. Le minist\u00e8re a, \u00e0 cette occasion, invit\u00e9 \u00ab\u00a0les jeunes talents et porteurs d\u2019id\u00e9es cr\u00e9atives, de projets ou d\u2019initiatives, \u00e0 saisir cette opportunit\u00e9 afin de prendre part \u00e0 ces grandes manifestations nationales r\u00e9unissant la jeunesse alg\u00e9rienne sous la banni\u00e8re de la cr\u00e9ativit\u00e9, de l\u2019excellence et de l\u2019esprit de citoyennet\u00e9\u00a0\u00bb. Les festivals constituent \u00e9galement un espace de \u00ab\u00a0comp\u00e9tition loyale, d\u2019\u00e9change d\u2019exp\u00e9riences et de cr\u00e9ation de nouvelles success stories entre les jeunes du pays\u00a0\u00bb, souligne la m\u00eame source. Ces festivals nationaux de la jeunesse, programm\u00e9s durant les vacances de printemps entre mars et avril 2026, comprennent notamment la Rencontre maghr\u00e9bine de la jeunesse pour l\u2019environnement et les changements climatiques, du 25 au 28 mars \u00e0 El Tarf, le Salon national du tourisme des jeunes, du 25 au 29 mars \u00e0 Tamanrasset, l\u2019Espace national de l\u2019innovation et de l\u2019intelligence artificielle, du 26 au 29 mars \u00e0 S\u00e9tif, et le Salon national du jeune entrepreneur, du 30 mars au 2 avril \u00e0 Mascara, en plus du Concours national de calcul mental et des jeux de l\u2019intelligence, du 31 mars au 2 avril \u00e0 Bordj Bou Arr\u00e9ridj\u00a0\u00bb, conclut le communiqu\u00e9.<\/p>\n","protected":false},"excerpt":{"rendered":"<p>Le minist\u00e8re de la Jeunesse a annonc\u00e9, mardi dernier dans un communiqu\u00e9, le lancement officiel de la plateforme \u00ab\u00a0Mahrajani\u00a0\u00bb, d\u00e9di\u00e9e aux inscriptions aux festivals nationaux de la jeunesse. Dans ce cadre, les jeunes adh\u00e9rents au sein des \u00e9tablissements de jeunesse peuvent s\u2019inscrire exclusivement via la plateforme num\u00e9rique, \u00e0 travers le [&hellip;]<\/p>\n","protected":false},"author":3,"featured_media":56990,"comment_status":"closed","ping_status":"open","sticky":false,"template":"","format":"standard","meta":{"footnotes":""},"categories":[62],"tags":[4704],"class_list":["post-56989","post","type-post","status-publish","format-standard","has-post-thumbnail","hentry","category-le-savez-vous","tag-mahrajani"],"_links":{"self":[{"href":"https:\/\/alger16.dz\/index.php?rest_route=\/wp\/v2\/posts\/56989","targetHints":{"allow":["GET"]}}],"collection":[{"href":"https:\/\/alger16.dz\/index.php?rest_route=\/wp\/v2\/posts"}],"about":[{"href":"https:\/\/alger16.dz\/index.php?rest_route=\/wp\/v2\/types\/post"}],"author":[{"embeddable":true,"href":"https:\/\/alger16.dz\/index.php?rest_route=\/wp\/v2\/users\/3"}],"replies":[{"embeddable":true,"href":"https:\/\/alger16.dz\/index.php?rest_route=%2Fwp%2Fv2%2Fcomments&post=56989"}],"version-history":[{"count":1,"href":"https:\/\/alger16.dz\/index.php?rest_route=\/wp\/v2\/posts\/56989\/revisions"}],"predecessor-version":[{"id":56991,"href":"https:\/\/alger16.dz\/index.php?rest_route=\/wp\/v2\/posts\/56989\/revisions\/56991"}],"wp:featuredmedia":[{"embeddable":true,"href":"https:\/\/alger16.dz\/index.php?rest_route=\/wp\/v2\/media\/56990"}],"wp:attachment":[{"href":"https:\/\/alger16.dz\/index.php?rest_route=%2Fwp%2Fv2%2Fmedia&parent=56989"}],"wp:term":[{"taxonomy":"category","embeddable":true,"href":"https:\/\/alger16.dz\/index.php?rest_route=%2Fwp%2Fv2%2Fcategories&post=56989"},{"taxonomy":"post_tag","embeddable":true,"href":"https:\/\/alger16.dz\/index.php?rest_route=%2Fwp%2Fv2%2Ftags&post=56989"}],"curies":[{"name":"wp","href":"https:\/\/api.w.org\/{rel}","templated":true}]}}