{"id":57019,"date":"2026-03-12T00:14:00","date_gmt":"2026-03-12T00:14:00","guid":{"rendered":"https:\/\/alger16.dz\/?p=57019"},"modified":"2026-03-12T03:16:56","modified_gmt":"2026-03-12T03:16:56","slug":"projet-de-loi-sur-lorientation-agricole-une-reforme-pour-structurer-et-dynamiser-le-secteur","status":"publish","type":"post","link":"https:\/\/alger16.dz\/?p=57019","title":{"rendered":"Projet de loi sur l\u2019orientation agricole : Une r\u00e9forme pour structurer et dynamiser le secteur"},"content":{"rendered":"\n<figure class=\"wp-block-image size-full\"><img loading=\"lazy\" decoding=\"async\" width=\"640\" height=\"445\" src=\"https:\/\/alger16.dz\/wp-content\/uploads\/2026\/03\/agric.jpg\" alt=\"\" class=\"wp-image-57020\" srcset=\"https:\/\/alger16.dz\/wp-content\/uploads\/2026\/03\/agric.jpg 640w, https:\/\/alger16.dz\/wp-content\/uploads\/2026\/03\/agric-300x209.jpg 300w\" sizes=\"auto, (max-width: 640px) 100vw, 640px\" \/><\/figure>\n\n\n\n<p><strong>Le projet de loi sur l&rsquo;orientation agricole et la souverainet\u00e9 alimentaire constitue une nouvelle approche visant \u00e0 r\u00e9organiser le secteur agricole, a indiqu\u00e9, mardi dernier \u00e0 Alger, le ministre de l&rsquo;Agriculture, du D\u00e9veloppement rural et de la P\u00eache, Yacine El-Mahdi Oualid, relevant le r\u00f4le attendu de ce texte dans le renforcement de la s\u00e9curit\u00e9 alimentaire en Alg\u00e9rie.<\/strong><\/p>\n\n\n\n<p>S&rsquo;exprimant lors d&rsquo;un atelier consacr\u00e9 \u00e0 la pr\u00e9sentation, au d\u00e9bat et \u00e0 l&rsquo;enrichissement du projet de loi, le ministre a pr\u00e9cis\u00e9 que ce texte permettra d&rsquo;organiser et de d\u00e9velopper le secteur, tout en am\u00e9liorant l&rsquo;accompagnement des diff\u00e9rents acteurs, afin de consolider la souverainet\u00e9 alimentaire nationale, notamment \u00e0 travers une meilleure coordination des \u00e9tapes de production, de stockage, de transformation et de distribution, et ce, au niveau de l&rsquo;ensemble des fili\u00e8res.<br>Cette rencontre s&rsquo;inscrit dans le cadre de la mise en \u0153uvre des instructions du pr\u00e9sident de la R\u00e9publique, M. Abdelmadjid Tebboune, relatives \u00e0 la pr\u00e9paration d&rsquo;un nouveau projet de loi sur l&rsquo;orientation agricole, tendant \u00e0 instaurer une organisation globale et d\u00e9finitive du secteur, selon une vision prospective \u00e9labor\u00e9e avec la participation des sp\u00e9cialistes et professionnels.<br>Le projet vise \u00e9galement, ajoute M. Oualid, \u00e0 pr\u00e9server les ressources g\u00e9n\u00e9tiques locales et \u00e0 d\u00e9velopper la production nationale de semences, afin d&rsquo;atteindre l&rsquo;autonomie en mati\u00e8re de mat\u00e9riel g\u00e9n\u00e9tique d&rsquo;origine v\u00e9g\u00e9tale et animale, tout en renfor\u00e7ant la r\u00e9silience du syst\u00e8me agricole. Il met, en outre, l&rsquo;accent sur la gestion durable des ressources naturelles, notamment l&rsquo;eau, les sols et la biodiversit\u00e9, \u00e0 travers l&rsquo;int\u00e9gration de l&rsquo;adaptation au changement climatique comme principe structurel de la politique agricole nationale.<br>En mati\u00e8re de soutien, le texte consacre une r\u00e9forme fond\u00e9e sur la priorit\u00e9 accord\u00e9e aux aides \u00e0 la production et \u00e0 la performance, plut\u00f4t qu&rsquo;aux subventions des intrants, ce qui permettra d&rsquo;am\u00e9liorer l&rsquo;efficacit\u00e9 de la d\u00e9pense publique et d&rsquo;assurer une meilleure allocation des ressources, a pr\u00e9cis\u00e9 le premier responsable du secteur.<br>Le projet de loi pr\u00e9voit \u00e9galement des m\u00e9canismes de r\u00e9gulation efficaces pour prot\u00e9ger les agriculteurs en cas de surplus de production, r\u00e9duire les pertes post-r\u00e9colte et accompagner le d\u00e9veloppement de l&rsquo;exportation et de la transformation, notamment \u00e0 travers l&rsquo;\u00e9largissement de l&rsquo;agriculture contractuelle. Il pr\u00e9voit, aussi, un syst\u00e8me int\u00e9gr\u00e9 de gestion des risques agricoles, incluant l&rsquo;assurance agricole, des dispositifs de pr\u00e9vention contre les al\u00e9as climatiques, ainsi que des m\u00e9canismes visant \u00e0 stabiliser les revenus agricoles, parall\u00e8lement \u00e0 la r\u00e9duction des d\u00e9lais des proc\u00e9dures administratives et du nombre de documents requis.<br>Quant au volet num\u00e9rique, le texte vise \u00e0 acc\u00e9l\u00e9rer la transformation technologique par le d\u00e9ploiement des syst\u00e8mes d\u2019information agricoles int\u00e9gr\u00e9s et la mise en place de dispositifs de suivi, notamment des cheptels et des produits sensibles, ajoute M. Oualid.<br>Ce projet de loi porte \u00e9galement sur le renforcement de l\u2019investissement priv\u00e9, \u00e0 travers le d\u00e9veloppement des organisations professionnelles et l\u2019encouragement du partenariat entre les secteurs public et priv\u00e9, tout en garantissant la formation continue et l\u2019encadrement agricole de proximit\u00e9 pour les agriculteurs et les \u00e9leveurs, en sus de l\u2019introduction de m\u00e9canismes incitatifs destin\u00e9s \u00e0 attirer les jeunes et les porteurs de projets innovants.<br>Le ministre a, en outre, indiqu\u00e9 que le projet de loi n\u2019aborde pas la question du foncier agricole, pr\u00e9cisant qu\u2019un nouveau projet de loi sur le foncier agricole est en cours de pr\u00e9paration pour une meilleure lecture du cadre juridique des terres agricoles, de mani\u00e8re \u00e0 garantir une gestion responsable des ressources naturelles.<br>De son c\u00f4t\u00e9, le pr\u00e9sident de la Chambre nationale d&rsquo;agriculture (CNA), Mohamed Yazid Hambli, a salu\u00e9 ce nouveau projet de texte, soulignant l&rsquo;importance majeure d\u2019associer les agriculteurs et les professionnels \u00e0 l\u2019\u00e9laboration des politiques futures du secteur, afin de renforcer l\u2019efficacit\u00e9 des d\u00e9cisions et d\u2019am\u00e9liorer le niveau de performance.<br>Pour sa part, le Secr\u00e9taire g\u00e9n\u00e9ral (SG) de l&rsquo;Union nationale des paysans alg\u00e9riens (UNPA), Abdellatif Dilmi, a insist\u00e9 sur la n\u00e9cessit\u00e9 d\u2019associer l\u2019ensemble des acteurs concern\u00e9s \u00e0 l\u2019\u00e9laboration des politiques agricoles, valorisant le fait que le projet de loi offre un cadre de dialogue et de concertation et vise \u00e0 faire en sorte que les d\u00e9cisions soient au service des agriculteurs et des professionnels.<br><strong>APS<\/strong><\/p>\n","protected":false},"excerpt":{"rendered":"<p>Le projet de loi sur l&rsquo;orientation agricole et la souverainet\u00e9 alimentaire constitue une nouvelle approche visant \u00e0 r\u00e9organiser le secteur agricole, a indiqu\u00e9, mardi dernier \u00e0 Alger, le ministre de l&rsquo;Agriculture, du D\u00e9veloppement rural et de la P\u00eache, Yacine El-Mahdi Oualid, relevant le r\u00f4le attendu de ce texte dans le [&hellip;]<\/p>\n","protected":false},"author":3,"featured_media":57020,"comment_status":"closed","ping_status":"open","sticky":false,"template":"","format":"standard","meta":{"footnotes":""},"categories":[63],"tags":[440,1408],"class_list":["post-57019","post","type-post","status-publish","format-standard","has-post-thumbnail","hentry","category-economie","tag-securite-alimentaire","tag-yacine-el-mahdi-oualid-2"],"_links":{"self":[{"href":"https:\/\/alger16.dz\/index.php?rest_route=\/wp\/v2\/posts\/57019","targetHints":{"allow":["GET"]}}],"collection":[{"href":"https:\/\/alger16.dz\/index.php?rest_route=\/wp\/v2\/posts"}],"about":[{"href":"https:\/\/alger16.dz\/index.php?rest_route=\/wp\/v2\/types\/post"}],"author":[{"embeddable":true,"href":"https:\/\/alger16.dz\/index.php?rest_route=\/wp\/v2\/users\/3"}],"replies":[{"embeddable":true,"href":"https:\/\/alger16.dz\/index.php?rest_route=%2Fwp%2Fv2%2Fcomments&post=57019"}],"version-history":[{"count":1,"href":"https:\/\/alger16.dz\/index.php?rest_route=\/wp\/v2\/posts\/57019\/revisions"}],"predecessor-version":[{"id":57021,"href":"https:\/\/alger16.dz\/index.php?rest_route=\/wp\/v2\/posts\/57019\/revisions\/57021"}],"wp:featuredmedia":[{"embeddable":true,"href":"https:\/\/alger16.dz\/index.php?rest_route=\/wp\/v2\/media\/57020"}],"wp:attachment":[{"href":"https:\/\/alger16.dz\/index.php?rest_route=%2Fwp%2Fv2%2Fmedia&parent=57019"}],"wp:term":[{"taxonomy":"category","embeddable":true,"href":"https:\/\/alger16.dz\/index.php?rest_route=%2Fwp%2Fv2%2Fcategories&post=57019"},{"taxonomy":"post_tag","embeddable":true,"href":"https:\/\/alger16.dz\/index.php?rest_route=%2Fwp%2Fv2%2Ftags&post=57019"}],"curies":[{"name":"wp","href":"https:\/\/api.w.org\/{rel}","templated":true}]}}