{"id":57034,"date":"2026-03-12T00:22:00","date_gmt":"2026-03-12T00:22:00","guid":{"rendered":"https:\/\/alger16.dz\/?p=57034"},"modified":"2026-03-12T03:31:35","modified_gmt":"2026-03-12T03:31:35","slug":"atletico-de-madrid-griezmann-confirme-quil-reste-jusquenfin-de-saison","status":"publish","type":"post","link":"https:\/\/alger16.dz\/?p=57034","title":{"rendered":"Atl\u00e9tico de Madrid : Griezmann confirme qu&rsquo;il reste jusqu&rsquo;enfin de saison"},"content":{"rendered":"\n<figure class=\"wp-block-image size-large\"><img loading=\"lazy\" decoding=\"async\" width=\"1024\" height=\"569\" src=\"https:\/\/alger16.dz\/wp-content\/uploads\/2026\/03\/image-134-1024x569.png\" alt=\"\" class=\"wp-image-57035\" srcset=\"https:\/\/alger16.dz\/wp-content\/uploads\/2026\/03\/image-134-1024x569.png 1024w, https:\/\/alger16.dz\/wp-content\/uploads\/2026\/03\/image-134-300x167.png 300w, https:\/\/alger16.dz\/wp-content\/uploads\/2026\/03\/image-134-768x427.png 768w, https:\/\/alger16.dz\/wp-content\/uploads\/2026\/03\/image-134.png 1080w\" sizes=\"auto, (max-width: 1024px) 100vw, 1024px\" \/><\/figure>\n\n\n\n<p>Apr\u00e8s la victoire de l\u2019Atl\u00e9tico face \u00e0 Tottenham en huiti\u00e8mes de finale aller de la Ligue des champions mardi dernier, l\u2019ex-international Antoine Griezmann a balay\u00e9 les rumeurs qui l\u2019enverraient loin de la capitale espagnole.<br>L&rsquo;attaquant fran\u00e7ais de l&rsquo;Atl\u00e9tico de Madrid Antoine Griezmann, dont le d\u00e9part vers Orlando City en MLS faisait l&rsquo;objet de rumeurs, ces derni\u00e8res semaines, a confirm\u00e9 mardi dernier que son \u00abr\u00eave et son objectif\u00bb \u00e9taient de rester \u00e0 l&rsquo;Atl\u00e9tico de Madrid, au moins jusqu&rsquo;\u00e0 la fin de la saison.<br>Interrog\u00e9 par la cha\u00eene Movistar \u00e0 l&rsquo;issue du huiti\u00e8me de finale aller de la Ligue des champions remport\u00e9 face \u00e0 Tottenham (5-2), Griezmann a clarifi\u00e9 ses intentions: \u00abJe me sens tr\u00e8s bien ici, je prends \u00e9norm\u00e9ment de plaisir, je pense que ce que je fais sur le terrain parle pour moi, on verra, mais l&rsquo;id\u00e9e, c&rsquo;est \u00e7a, aller jusqu&rsquo;au bout.\u00bb<br>L&rsquo;Atl\u00e9tico, bien parti pour continuer son chemin en Ligue des champions, jouera la finale de la Coupe du roi, le 18 avril. \u00abC\u2019est \u00e7a mon r\u00eave, mon objectif et j\u2019esp\u00e8re qu\u2019on pourra accomplir quelque chose de grand\u00bb, a ajout\u00e9 Griezmann, 34 ans. Le directeur du football de l&rsquo;Atl\u00e9tico Madrid Mateu Alemany avait ferm\u00e9 la porte samedi dernier \u00e0 un d\u00e9part de Griezmann en cours de saison, malgr\u00e9 des discussions entam\u00e9es avec Orlando City.<br>\u00abComme je l&rsquo;ai d\u00e9j\u00e0 dit, il a encore cette saison plus deux autres dans son contrat. Antoine est une l\u00e9gende et il est dans un \u00e9tat de forme extraordinaire. Les supporters vont donc l&rsquo;applaudir comme toujours et il va continuer avec nous\u00bb, avait lanc\u00e9 Alemany au micro de Movistar+. Meilleur buteur de l&rsquo;histoire de l&rsquo;Atl\u00e9tico (211 r\u00e9alisations), le Fran\u00e7ais n&rsquo;a plus remport\u00e9 de titre avec les Rojiblancos depuis 2018.<\/p>\n","protected":false},"excerpt":{"rendered":"<p>Apr\u00e8s la victoire de l\u2019Atl\u00e9tico face \u00e0 Tottenham en huiti\u00e8mes de finale aller de la Ligue des champions mardi dernier, l\u2019ex-international Antoine Griezmann a balay\u00e9 les rumeurs qui l\u2019enverraient loin de la capitale espagnole.L&rsquo;attaquant fran\u00e7ais de l&rsquo;Atl\u00e9tico de Madrid Antoine Griezmann, dont le d\u00e9part vers Orlando City en MLS faisait [&hellip;]<\/p>\n","protected":false},"author":3,"featured_media":57035,"comment_status":"closed","ping_status":"open","sticky":false,"template":"","format":"standard","meta":{"footnotes":""},"categories":[61],"tags":[4711,4710,379],"class_list":["post-57034","post","type-post","status-publish","format-standard","has-post-thumbnail","hentry","category-sport","tag-antoine-greizmann","tag-atletico-de-madrid","tag-football"],"_links":{"self":[{"href":"https:\/\/alger16.dz\/index.php?rest_route=\/wp\/v2\/posts\/57034","targetHints":{"allow":["GET"]}}],"collection":[{"href":"https:\/\/alger16.dz\/index.php?rest_route=\/wp\/v2\/posts"}],"about":[{"href":"https:\/\/alger16.dz\/index.php?rest_route=\/wp\/v2\/types\/post"}],"author":[{"embeddable":true,"href":"https:\/\/alger16.dz\/index.php?rest_route=\/wp\/v2\/users\/3"}],"replies":[{"embeddable":true,"href":"https:\/\/alger16.dz\/index.php?rest_route=%2Fwp%2Fv2%2Fcomments&post=57034"}],"version-history":[{"count":1,"href":"https:\/\/alger16.dz\/index.php?rest_route=\/wp\/v2\/posts\/57034\/revisions"}],"predecessor-version":[{"id":57036,"href":"https:\/\/alger16.dz\/index.php?rest_route=\/wp\/v2\/posts\/57034\/revisions\/57036"}],"wp:featuredmedia":[{"embeddable":true,"href":"https:\/\/alger16.dz\/index.php?rest_route=\/wp\/v2\/media\/57035"}],"wp:attachment":[{"href":"https:\/\/alger16.dz\/index.php?rest_route=%2Fwp%2Fv2%2Fmedia&parent=57034"}],"wp:term":[{"taxonomy":"category","embeddable":true,"href":"https:\/\/alger16.dz\/index.php?rest_route=%2Fwp%2Fv2%2Fcategories&post=57034"},{"taxonomy":"post_tag","embeddable":true,"href":"https:\/\/alger16.dz\/index.php?rest_route=%2Fwp%2Fv2%2Ftags&post=57034"}],"curies":[{"name":"wp","href":"https:\/\/api.w.org\/{rel}","templated":true}]}}