{"id":57047,"date":"2026-03-12T00:38:00","date_gmt":"2026-03-12T00:38:00","guid":{"rendered":"https:\/\/alger16.dz\/?p=57047"},"modified":"2026-03-12T03:41:17","modified_gmt":"2026-03-12T03:41:17","slug":"forum-diplomatique-de-solidarite-avec-le-peuple-sahraoui-le-droit-a-lautodetermination-reaffirme","status":"publish","type":"post","link":"https:\/\/alger16.dz\/?p=57047","title":{"rendered":"Forum diplomatique de solidarit\u00e9 avec le peuple sahraoui : Le droit \u00e0 l&rsquo;autod\u00e9termination r\u00e9affirm\u00e9"},"content":{"rendered":"\n<figure class=\"wp-block-image size-full\"><img loading=\"lazy\" decoding=\"async\" width=\"669\" height=\"355\" src=\"https:\/\/alger16.dz\/wp-content\/uploads\/2026\/03\/rasd-2.jpg\" alt=\"\" class=\"wp-image-57048\" srcset=\"https:\/\/alger16.dz\/wp-content\/uploads\/2026\/03\/rasd-2.jpg 669w, https:\/\/alger16.dz\/wp-content\/uploads\/2026\/03\/rasd-2-300x159.jpg 300w\" sizes=\"auto, (max-width: 669px) 100vw, 669px\" \/><\/figure>\n\n\n\n<p>Lors du Forum diplomatique de soutien au peuple sahraoui, qui s\u2019est tenu mardi dernier \u00e0 Alger, les intervenants ont r\u00e9affirm\u00e9 l\u2019importance de garantir au peuple sahraoui son droit \u00e0 l\u2019autod\u00e9termination et \u00e0 l\u2019ind\u00e9pendance. Ils ont \u00e9galement appel\u00e9 la communaut\u00e9 internationale \u00e0 assumer pleinement ses responsabilit\u00e9s sur cette question.<br>La septi\u00e8me \u00e9dition de ce forum s\u2019est d\u00e9roul\u00e9e \u00e0 l\u2019ambassade d\u2019Afrique du Sud \u00e0 Alger, en pr\u00e9sence du ministre sahraoui des Affaires \u00e9trang\u00e8res et africaines, M. Mohamed Yeslem Beisat, ainsi que des ambassadeurs des pays solidaires avec la cause sahraouie.<br>Au cours de cette r\u00e9union orchestr\u00e9e par l\u2019ambassade d\u2019Afrique du Sud, les participants ont \u00e9valu\u00e9 les efforts d\u00e9j\u00e0 d\u00e9ploy\u00e9s et travaill\u00e9 \u00e0 la conception du programme annuel, en tenant compte des r\u00e9centes \u00e9volutions de la question sahraouie. Ils ont \u00e9galement discut\u00e9 des strat\u00e9gies pour soutenir le peuple sahraoui dans sa lutte contre le retrait des forces d\u2019occupation.<br>Lors de la conf\u00e9rence de presse qui a suivi, M. Beisat a soulign\u00e9 que cette rencontre avait permis aux repr\u00e9sentants des pays fr\u00e8res et amis de se tenir inform\u00e9s des progr\u00e8s r\u00e9cents r\u00e9alis\u00e9s par le peuple sahraoui pour sa cause l\u00e9gitime, ainsi que des plans pour comm\u00e9morer le cinquanti\u00e8me anniversaire de la proclamation de la R\u00e9publique arabe sahraouie d\u00e9mocratique.<br>Le ministre sahraoui a pr\u00e9cis\u00e9 que le forum avait adopt\u00e9 une d\u00e9claration r\u00e9affirmant la solidarit\u00e9 des pays participants et appelant la communaut\u00e9 internationale \u00e0 soutenir le droit du peuple sahraoui \u00e0 l\u2019autod\u00e9termination. \u00c0 cette occasion, M. Beisat a exprim\u00e9, au nom du pr\u00e9sident de la R\u00e9publique sahraouie, M. Brahim Ghali, et du gouvernement sahraoui, sa \u00ab profonde reconnaissance \u00bb et ses \u00ab vifs remerciements \u00bb pour les positions adopt\u00e9es en faveur du droit \u00e0 l\u2019autod\u00e9termination et \u00e0 l\u2019ind\u00e9pendance du peuple sahraoui.<br>Il a \u00e9galement rappel\u00e9 que la comm\u00e9moration du cinquantenaire de la proclamation de l\u2019\u00c9tat sahraoui conf\u00e9rait au peuple sahraoui l\u2019\u00e9nergie n\u00e9cessaire pour continuer \u00e0 r\u00e9sister encore cinquante ans. Le ministre a enfin soulign\u00e9 la d\u00e9termination des Sahraouis \u00e0 conqu\u00e9rir pleinement leurs droits, quels que soient les difficult\u00e9s et les sacrifices \u00e0 surmonter.<br>De son c\u00f4t\u00e9, l\u2019ambassadeur sud-africain, Ndumiso Ndima Ntshinga, a mis en avant le soutien croissant \u00e0 la cause sahraouie et au droit du peuple sahraoui \u00e0 l\u2019autod\u00e9termination, rappelant que le Sahara occidental reste une r\u00e9gion en d\u00e9colonisation. \u00ab Nous soutenons le peuple sahraoui dans toutes ses entreprises (\u2026) au sein des instances multilat\u00e9rales et autres lieux o\u00f9 la question sahraouie est soulev\u00e9e \u00bb, a-t-il d\u00e9clar\u00e9.<br>Dans une d\u00e9claration \u00e0 l\u2019Agence de presse, l\u2019ambassadeur sahraoui, M. Khatri Adouh Khatri, a soulign\u00e9 l\u2019importance de cette r\u00e9union, qui co\u00efncide avec la c\u00e9l\u00e9bration par le peuple sahraoui du 50e anniversaire de la proclamation de la R\u00e9publique arabe sahraouie d\u00e9mocratique, et a rappel\u00e9 sa d\u00e9termination \u00e0 poursuivre la lutte pour l\u2019\u00e9tablissement d\u00e9finitif de ses droits.<br>Apr\u00e8s avoir r\u00e9affirm\u00e9 que le droit inali\u00e9nable du peuple sahraoui \u00e0 l\u2019autod\u00e9termination constitue la seule base pour une r\u00e9solution durable de cette question de d\u00e9colonisation, M. Khatri a exprim\u00e9 sa satisfaction quant \u00e0 \u00ab la tenue r\u00e9guli\u00e8re des r\u00e9unions de ce forum, permettant aux ambassades des pays membres, li\u00e9es par des relations fraternelles avec le peuple sahraoui, d\u2019exprimer leur soutien ind\u00e9fectible \u00e0 sa noble cause et \u00e0 son \u00c9tat, incarnant ses aspirations \u00e0 l\u2019ind\u00e9pendance, \u00e0 la libert\u00e9 et \u00e0 la souverainet\u00e9 \u00bb.<br>\u00c0 l\u2019issue de cette septi\u00e8me \u00e9dition, il est clair que la cause sahraouie continue de rassembler et de mobiliser, transcendant les fronti\u00e8res et les g\u00e9n\u00e9rations. Entre reconnaissance internationale et engagement populaire, le peuple sahraoui trouve dans ce forum non seulement un \u00e9cho \u00e0 ses aspirations, mais aussi un puissant levier pour poursuivre sa lutte pour l\u2019ind\u00e9pendance et la dignit\u00e9. <br><strong>Abir Menasria<\/strong><\/p>\n","protected":false},"excerpt":{"rendered":"<p>Lors du Forum diplomatique de soutien au peuple sahraoui, qui s\u2019est tenu mardi dernier \u00e0 Alger, les intervenants ont r\u00e9affirm\u00e9 l\u2019importance de garantir au peuple sahraoui son droit \u00e0 l\u2019autod\u00e9termination et \u00e0 l\u2019ind\u00e9pendance. Ils ont \u00e9galement appel\u00e9 la communaut\u00e9 internationale \u00e0 assumer pleinement ses responsabilit\u00e9s sur cette question.La septi\u00e8me \u00e9dition [&hellip;]<\/p>\n","protected":false},"author":3,"featured_media":57048,"comment_status":"closed","ping_status":"open","sticky":false,"template":"","format":"standard","meta":{"footnotes":""},"categories":[65],"tags":[1516,1281],"class_list":["post-57047","post","type-post","status-publish","format-standard","has-post-thumbnail","hentry","category-monde","tag-rasd","tag-sahara-occidental-2"],"_links":{"self":[{"href":"https:\/\/alger16.dz\/index.php?rest_route=\/wp\/v2\/posts\/57047","targetHints":{"allow":["GET"]}}],"collection":[{"href":"https:\/\/alger16.dz\/index.php?rest_route=\/wp\/v2\/posts"}],"about":[{"href":"https:\/\/alger16.dz\/index.php?rest_route=\/wp\/v2\/types\/post"}],"author":[{"embeddable":true,"href":"https:\/\/alger16.dz\/index.php?rest_route=\/wp\/v2\/users\/3"}],"replies":[{"embeddable":true,"href":"https:\/\/alger16.dz\/index.php?rest_route=%2Fwp%2Fv2%2Fcomments&post=57047"}],"version-history":[{"count":1,"href":"https:\/\/alger16.dz\/index.php?rest_route=\/wp\/v2\/posts\/57047\/revisions"}],"predecessor-version":[{"id":57049,"href":"https:\/\/alger16.dz\/index.php?rest_route=\/wp\/v2\/posts\/57047\/revisions\/57049"}],"wp:featuredmedia":[{"embeddable":true,"href":"https:\/\/alger16.dz\/index.php?rest_route=\/wp\/v2\/media\/57048"}],"wp:attachment":[{"href":"https:\/\/alger16.dz\/index.php?rest_route=%2Fwp%2Fv2%2Fmedia&parent=57047"}],"wp:term":[{"taxonomy":"category","embeddable":true,"href":"https:\/\/alger16.dz\/index.php?rest_route=%2Fwp%2Fv2%2Fcategories&post=57047"},{"taxonomy":"post_tag","embeddable":true,"href":"https:\/\/alger16.dz\/index.php?rest_route=%2Fwp%2Fv2%2Ftags&post=57047"}],"curies":[{"name":"wp","href":"https:\/\/api.w.org\/{rel}","templated":true}]}}