{"id":57063,"date":"2026-03-12T11:15:00","date_gmt":"2026-03-12T11:15:00","guid":{"rendered":"https:\/\/alger16.dz\/?p=57063"},"modified":"2026-03-12T15:03:21","modified_gmt":"2026-03-12T15:03:21","slug":"mme-maya-sahli-fadel-elue-presidente-du-cndh","status":"publish","type":"post","link":"https:\/\/alger16.dz\/?p=57063","title":{"rendered":"Mme Maya Sahli-Fadel \u00e9lue pr\u00e9sidente du CNDH"},"content":{"rendered":"\n<figure class=\"wp-block-image size-large\"><img loading=\"lazy\" decoding=\"async\" width=\"1024\" height=\"768\" src=\"https:\/\/alger16.dz\/wp-content\/uploads\/2026\/03\/image-145-1024x768.png\" alt=\"\" class=\"wp-image-57064\" srcset=\"https:\/\/alger16.dz\/wp-content\/uploads\/2026\/03\/image-145-1024x768.png 1024w, https:\/\/alger16.dz\/wp-content\/uploads\/2026\/03\/image-145-300x225.png 300w, https:\/\/alger16.dz\/wp-content\/uploads\/2026\/03\/image-145-768x576.png 768w, https:\/\/alger16.dz\/wp-content\/uploads\/2026\/03\/image-145.png 1080w\" sizes=\"auto, (max-width: 1024px) 100vw, 1024px\" \/><\/figure>\n\n\n\n<p><strong>Mme Maya Sahli-Fadel a \u00e9t\u00e9 \u00e9lue, jeudi, pr\u00e9sidente du Conseil national des droits de l&rsquo;Homme (CNDH), succ\u00e9dant ainsi \u00e0 M. Abdelmadjid Zaalani.<\/strong><\/p>\n\n\n\n<p>Mme Sahli-Fadel a \u00e9t\u00e9 pl\u00e9biscit\u00e9e par la majorit\u00e9 des membres du CNDH lors d&rsquo;une s\u00e9ance \u00e0 la Cour supr\u00eame, pr\u00e9sid\u00e9e par son Premier pr\u00e9sident, M. Tahar Mamouni, en pr\u00e9sence de la pr\u00e9sidente de la Cour constitutionnelle, Mme Le\u00efla Aslaoui, du ministre de la Justice, garde des Sceaux, M. Lotfi Boudjemaa, du Secr\u00e9taire g\u00e9n\u00e9ral du Gouvernement, M. Yahia Boukhari, d&rsquo;un repr\u00e9sentant de la Pr\u00e9sidence de la R\u00e9publique, M. Ahmed Zerrouk, du pr\u00e9sident du Conseil d&rsquo;Etat, M. Mohammed Bennaceur, du procureur g\u00e9n\u00e9ral pr\u00e8s la Cour supr\u00eame, M. Abderrahim Madjid, du Commissaire d&rsquo;Etat pr\u00e8s le Conseil d&rsquo;Etat, M. Abdelghafour Kahoul, ainsi que des membres du Conseil national des droits de l&rsquo;Homme.<\/p>\n\n\n\n<p>A l&rsquo;issue du vote, le CNDH a tenu sa premi\u00e8re s\u00e9ance.<\/p>\n","protected":false},"excerpt":{"rendered":"<p>Mme Maya Sahli-Fadel a \u00e9t\u00e9 \u00e9lue, jeudi, pr\u00e9sidente du Conseil national des droits de l&rsquo;Homme (CNDH), succ\u00e9dant ainsi \u00e0 M. Abdelmadjid Zaalani. Mme Sahli-Fadel a \u00e9t\u00e9 pl\u00e9biscit\u00e9e par la majorit\u00e9 des membres du CNDH lors d&rsquo;une s\u00e9ance \u00e0 la Cour supr\u00eame, pr\u00e9sid\u00e9e par son Premier pr\u00e9sident, M. Tahar Mamouni, en [&hellip;]<\/p>\n","protected":false},"author":3,"featured_media":57064,"comment_status":"closed","ping_status":"open","sticky":false,"template":"","format":"standard","meta":{"footnotes":""},"categories":[36],"tags":[73,4714],"class_list":["post-57063","post","type-post","status-publish","format-standard","has-post-thumbnail","hentry","category-actualites","tag-cndh","tag-maya-sahli-fadel"],"_links":{"self":[{"href":"https:\/\/alger16.dz\/index.php?rest_route=\/wp\/v2\/posts\/57063","targetHints":{"allow":["GET"]}}],"collection":[{"href":"https:\/\/alger16.dz\/index.php?rest_route=\/wp\/v2\/posts"}],"about":[{"href":"https:\/\/alger16.dz\/index.php?rest_route=\/wp\/v2\/types\/post"}],"author":[{"embeddable":true,"href":"https:\/\/alger16.dz\/index.php?rest_route=\/wp\/v2\/users\/3"}],"replies":[{"embeddable":true,"href":"https:\/\/alger16.dz\/index.php?rest_route=%2Fwp%2Fv2%2Fcomments&post=57063"}],"version-history":[{"count":1,"href":"https:\/\/alger16.dz\/index.php?rest_route=\/wp\/v2\/posts\/57063\/revisions"}],"predecessor-version":[{"id":57065,"href":"https:\/\/alger16.dz\/index.php?rest_route=\/wp\/v2\/posts\/57063\/revisions\/57065"}],"wp:featuredmedia":[{"embeddable":true,"href":"https:\/\/alger16.dz\/index.php?rest_route=\/wp\/v2\/media\/57064"}],"wp:attachment":[{"href":"https:\/\/alger16.dz\/index.php?rest_route=%2Fwp%2Fv2%2Fmedia&parent=57063"}],"wp:term":[{"taxonomy":"category","embeddable":true,"href":"https:\/\/alger16.dz\/index.php?rest_route=%2Fwp%2Fv2%2Fcategories&post=57063"},{"taxonomy":"post_tag","embeddable":true,"href":"https:\/\/alger16.dz\/index.php?rest_route=%2Fwp%2Fv2%2Ftags&post=57063"}],"curies":[{"name":"wp","href":"https:\/\/api.w.org\/{rel}","templated":true}]}}