{"id":57066,"date":"2026-03-12T15:04:40","date_gmt":"2026-03-12T15:04:40","guid":{"rendered":"https:\/\/alger16.dz\/?p=57066"},"modified":"2026-03-12T15:04:40","modified_gmt":"2026-03-12T15:04:40","slug":"affaires-etrangeres-interieur-signature-dune-convention-pour-renforcer-la-cooperation-en-matiere-de-numerisation-des-services-consulaires","status":"publish","type":"post","link":"https:\/\/alger16.dz\/?p=57066","title":{"rendered":"Affaires \u00e9trang\u00e8res-Int\u00e9rieur : Signature d&rsquo;une convention pour renforcer la coop\u00e9ration en mati\u00e8re de num\u00e9risation des services consulaires"},"content":{"rendered":"\n<figure class=\"wp-block-image size-large\"><img loading=\"lazy\" decoding=\"async\" width=\"1024\" height=\"683\" src=\"https:\/\/alger16.dz\/wp-content\/uploads\/2026\/03\/image-146-1024x683.png\" alt=\"\" class=\"wp-image-57067\" srcset=\"https:\/\/alger16.dz\/wp-content\/uploads\/2026\/03\/image-146-1024x683.png 1024w, https:\/\/alger16.dz\/wp-content\/uploads\/2026\/03\/image-146-300x200.png 300w, https:\/\/alger16.dz\/wp-content\/uploads\/2026\/03\/image-146-768x512.png 768w, https:\/\/alger16.dz\/wp-content\/uploads\/2026\/03\/image-146.png 1080w\" sizes=\"auto, (max-width: 1024px) 100vw, 1024px\" \/><\/figure>\n\n\n\n<p><strong>Une convention a \u00e9t\u00e9 sign\u00e9e, jeudi, entre le minist\u00e8re des Affaires \u00e9trang\u00e8res et le minist\u00e8re de l&rsquo;Int\u00e9rieur, des Collectivit\u00e9s locales et des Transports, repr\u00e9sent\u00e9 par la Direction g\u00e9n\u00e9rale de la S\u00fbret\u00e9 nationale (DGSN), en vue de renforcer la coop\u00e9ration dans le domaine de la num\u00e9risation de certains services consulaires.<\/strong><\/p>\n\n\n\n<p>La convention a \u00e9t\u00e9 sign\u00e9e au si\u00e8ge du minist\u00e8re des Affaires \u00e9trang\u00e8res par le Secr\u00e9taire g\u00e9n\u00e9ral du minist\u00e8re, M. Loun\u00e8s Magramane, et le Directeur g\u00e9n\u00e9ral de la S\u00fbret\u00e9 nationale, M. Ali Badaoui, en pr\u00e9sence du secr\u00e9taire d&rsquo;Etat aupr\u00e8s du ministre des Affaires \u00e9trang\u00e8res, charg\u00e9 de la Communaut\u00e9 nationale \u00e0 l&rsquo;\u00e9tranger, M. Sofiane Chaib, indique un communiqu\u00e9 du minist\u00e8re des Affaires \u00e9trang\u00e8res.<\/p>\n\n\n\n<p>Dans une allocution prononc\u00e9e \u00e0 cette occasion, M. Magramane a indiqu\u00e9 que cette convention \u00ab\u00a0constitue un nouveau jalon dans le processus de modernisation des services consulaires, que le minist\u00e8re des Affaires \u00e9trang\u00e8res place parmi ses priorit\u00e9s, au regard de l&rsquo;importance particuli\u00e8re accord\u00e9e par le pr\u00e9sident de la R\u00e9publique \u00e0 notre communaut\u00e9 nationale \u00e0 l&rsquo;\u00e9tranger, en tant que composante authentique de la nation alg\u00e9rienne\u00a0\u00bb, rappelant que cet \u00ab\u00a0aspect a fait l&rsquo;objet d&rsquo;une attention particuli\u00e8re lors de la Conf\u00e9rence des chefs de postes consulaires sanctionn\u00e9e, en f\u00e9vrier dernier, par plusieurs recommandations pertinentes\u00a0\u00bb.<\/p>\n\n\n\n<p>Cette convention vise \u00e0 acc\u00e9l\u00e9rer les d\u00e9lais de traitement des services consulaires \u00e0 travers l&rsquo;adoption d&rsquo;un nouveau syst\u00e8me num\u00e9rique adapt\u00e9 \u00e0 la strat\u00e9gie nationale de transformation num\u00e9rique, pr\u00e9cise le communiqu\u00e9.<\/p>\n\n\n\n<p>Cette convention \u00ab\u00a0incarne la volont\u00e9 commune des secteurs des Affaires \u00e9trang\u00e8res et de l&rsquo;Int\u00e9rieur de consacrer une approche int\u00e9gr\u00e9e fond\u00e9e sur le renforcement de la coordination et l&rsquo;intensification de la coop\u00e9ration, afin de soutenir les efforts de l&rsquo;Etat en faveur de la modernisation de l&rsquo;administration et de l&rsquo;am\u00e9lioration du service public propos\u00e9 en Alg\u00e9rie et \u00e0 l&rsquo;\u00e9tranger\u00a0\u00bb, conclut le communiqu\u00e9.<\/p>\n","protected":false},"excerpt":{"rendered":"<p>Une convention a \u00e9t\u00e9 sign\u00e9e, jeudi, entre le minist\u00e8re des Affaires \u00e9trang\u00e8res et le minist\u00e8re de l&rsquo;Int\u00e9rieur, des Collectivit\u00e9s locales et des Transports, repr\u00e9sent\u00e9 par la Direction g\u00e9n\u00e9rale de la S\u00fbret\u00e9 nationale (DGSN), en vue de renforcer la coop\u00e9ration dans le domaine de la num\u00e9risation de certains services consulaires. La [&hellip;]<\/p>\n","protected":false},"author":3,"featured_media":57067,"comment_status":"closed","ping_status":"open","sticky":false,"template":"","format":"standard","meta":{"footnotes":""},"categories":[36],"tags":[566],"class_list":["post-57066","post","type-post","status-publish","format-standard","has-post-thumbnail","hentry","category-actualites","tag-dgsn"],"_links":{"self":[{"href":"https:\/\/alger16.dz\/index.php?rest_route=\/wp\/v2\/posts\/57066","targetHints":{"allow":["GET"]}}],"collection":[{"href":"https:\/\/alger16.dz\/index.php?rest_route=\/wp\/v2\/posts"}],"about":[{"href":"https:\/\/alger16.dz\/index.php?rest_route=\/wp\/v2\/types\/post"}],"author":[{"embeddable":true,"href":"https:\/\/alger16.dz\/index.php?rest_route=\/wp\/v2\/users\/3"}],"replies":[{"embeddable":true,"href":"https:\/\/alger16.dz\/index.php?rest_route=%2Fwp%2Fv2%2Fcomments&post=57066"}],"version-history":[{"count":1,"href":"https:\/\/alger16.dz\/index.php?rest_route=\/wp\/v2\/posts\/57066\/revisions"}],"predecessor-version":[{"id":57068,"href":"https:\/\/alger16.dz\/index.php?rest_route=\/wp\/v2\/posts\/57066\/revisions\/57068"}],"wp:featuredmedia":[{"embeddable":true,"href":"https:\/\/alger16.dz\/index.php?rest_route=\/wp\/v2\/media\/57067"}],"wp:attachment":[{"href":"https:\/\/alger16.dz\/index.php?rest_route=%2Fwp%2Fv2%2Fmedia&parent=57066"}],"wp:term":[{"taxonomy":"category","embeddable":true,"href":"https:\/\/alger16.dz\/index.php?rest_route=%2Fwp%2Fv2%2Fcategories&post=57066"},{"taxonomy":"post_tag","embeddable":true,"href":"https:\/\/alger16.dz\/index.php?rest_route=%2Fwp%2Fv2%2Ftags&post=57066"}],"curies":[{"name":"wp","href":"https:\/\/api.w.org\/{rel}","templated":true}]}}