{"id":57078,"date":"2026-03-13T00:28:00","date_gmt":"2026-03-13T00:28:00","guid":{"rendered":"https:\/\/alger16.dz\/?p=57078"},"modified":"2026-03-14T14:48:29","modified_gmt":"2026-03-14T14:48:29","slug":"cloture-du-15e-festival-national-de-la-chanson-chaabi-avec-la-remise-des-prix-aux-laureats","status":"publish","type":"post","link":"https:\/\/alger16.dz\/?p=57078","title":{"rendered":"Cl\u00f4ture du 15e Festival national de la chanson cha\u00e2bi : Remise des prix aux laur\u00e9ats"},"content":{"rendered":"\n<figure class=\"wp-block-image size-full\"><img loading=\"lazy\" decoding=\"async\" width=\"900\" height=\"675\" src=\"https:\/\/alger16.dz\/wp-content\/uploads\/2026\/03\/image-151.png\" alt=\"\" class=\"wp-image-57080\" srcset=\"https:\/\/alger16.dz\/wp-content\/uploads\/2026\/03\/image-151.png 900w, https:\/\/alger16.dz\/wp-content\/uploads\/2026\/03\/image-151-300x225.png 300w, https:\/\/alger16.dz\/wp-content\/uploads\/2026\/03\/image-151-768x576.png 768w\" sizes=\"auto, (max-width: 900px) 100vw, 900px\" \/><\/figure>\n\n\n\n<p>La 15e \u00e9dition du Festival culturel national de la chanson cha\u00e2bi s\u2019est achev\u00e9e jeudi dernier \u00e0 Alger par une c\u00e9r\u00e9monie officielle marqu\u00e9e par la remise des prix aux laur\u00e9ats, au terme de quatre jours de comp\u00e9tition ayant r\u00e9uni quinze candidats.<br>La c\u00e9r\u00e9monie de cl\u00f4ture, organis\u00e9e au Palais de la culture Moufdi-Zakaria, s\u2019est d\u00e9roul\u00e9e en pr\u00e9sence du conseiller aupr\u00e8s du pr\u00e9sident de la R\u00e9publique charg\u00e9 des Affaires diplomatiques, Amar Abba, du commissaire du festival Abdelkader Bendameche et du directeur du Palais de la culture, Ahc\u00e8ne Ghida, aux c\u00f4t\u00e9s de nombreuses figures artistiques et ma\u00eetres du cha\u00e2bi.<br>\u00c0 l\u2019issue des d\u00e9lib\u00e9rations du jury, pr\u00e9sid\u00e9 par El Hadi El Anka et compos\u00e9 notamment de Zerrouk Mokdad, Fay\u00e7al Hedroug, Mohamed Hama\u00efdia, Djamel Fodil et Khaled Chahlel Yacine, quatre laur\u00e9ats ont \u00e9t\u00e9 distingu\u00e9s et r\u00e9compens\u00e9s.<br>Le 1er prix a \u00e9t\u00e9 attribu\u00e9 \u00e0 Islam Larbi Bouamrane, originaire d\u2019A\u00efn Defla, sacr\u00e9 meilleur interpr\u00e8te de cette \u00e9dition pour sa reprise du titre \u00abEchem\u00e2a\u00bb du regrett\u00e9 Kamel Messaoudi.<br>Le deuxi\u00e8me prix a \u00e9t\u00e9 d\u00e9cern\u00e9 ex aequo \u00e0 Yacine El Achi, de Constantine, et \u00e0 Hicham Meziane, d\u2019Alger, tandis que Mohamed Amine Kourak, de Tiaret, a obtenu le troisi\u00e8me prix. Le prix sp\u00e9cial du jury est revenu \u00e0 Hiba Cherk El A\u00efn de Blida.<br>Dans son rapport d\u2019\u00e9valuation, pr\u00e9sent\u00e9 par Khaled Chahlel Yacine, le jury a soulign\u00e9 le \u00abniveau artistique convergent \u00bb des candidats, estimant que la qualit\u00e9 des prestations avait rendu la notation \u00ab d\u00e9licate \u00bb et \u00abdifficile\u00bb. Les crit\u00e8res d\u2019\u00e9valuation retenus comprenaient notamment la ma\u00eetrise vocale et rythmique, la m\u00e9morisation, l\u2019originalit\u00e9 du texte, la pr\u00e9sence sc\u00e9nique, ainsi que la justesse de la performance linguistique.<br>Avant la phase finale, les candidats ont b\u00e9n\u00e9fici\u00e9 d\u2019une formation acad\u00e9mique sous forme de masterclass visant \u00e0 perfectionner leur ma\u00eetrise des crit\u00e8res artistiques et techniques.<br>Accompagn\u00e9 par un orchestre dirig\u00e9 par Abdelwahab Boukoura, le laur\u00e9at du premier prix a interpr\u00e9t\u00e9 plusieurs pi\u00e8ces du r\u00e9pertoire cha\u00e2bi lors de la c\u00e9r\u00e9monie de cl\u00f4ture, qui a \u00e9galement \u00e9t\u00e9 marqu\u00e9e par un hommage rendu aux membres du jury.<br>Les organisateurs ont, par ailleurs, annonc\u00e9 l\u2019ouverture, \u00e0 partir du 1er juillet prochain, des inscriptions pour participer \u00e0 la 16e \u00e9dition du festival. Organis\u00e9 depuis 2006 sous l\u2019\u00e9gide du minist\u00e8re de la Culture et des Arts, le Festival culturel national de la chanson cha\u00e2bi vise \u00e0 pr\u00e9server et valoriser ce patrimoine musical populaire, notamment en encourageant l\u2019\u00e9mergence de jeunes talents appel\u00e9s \u00e0 assurer la rel\u00e8ve de ce genre embl\u00e9matique de la musique alg\u00e9rienne.<br><strong>Cheklat Meriem<\/strong><\/p>\n","protected":false},"excerpt":{"rendered":"<p>La 15e \u00e9dition du Festival culturel national de la chanson cha\u00e2bi s\u2019est achev\u00e9e jeudi dernier \u00e0 Alger par une c\u00e9r\u00e9monie officielle marqu\u00e9e par la remise des prix aux laur\u00e9ats, au terme de quatre jours de comp\u00e9tition ayant r\u00e9uni quinze candidats.La c\u00e9r\u00e9monie de cl\u00f4ture, organis\u00e9e au Palais de la culture Moufdi-Zakaria, [&hellip;]<\/p>\n","protected":false},"author":3,"featured_media":57080,"comment_status":"closed","ping_status":"open","sticky":false,"template":"","format":"standard","meta":{"footnotes":""},"categories":[40],"tags":[4663],"class_list":["post-57078","post","type-post","status-publish","format-standard","has-post-thumbnail","hentry","category-culture","tag-festival-national-de-la-chanson-chaabi"],"_links":{"self":[{"href":"https:\/\/alger16.dz\/index.php?rest_route=\/wp\/v2\/posts\/57078","targetHints":{"allow":["GET"]}}],"collection":[{"href":"https:\/\/alger16.dz\/index.php?rest_route=\/wp\/v2\/posts"}],"about":[{"href":"https:\/\/alger16.dz\/index.php?rest_route=\/wp\/v2\/types\/post"}],"author":[{"embeddable":true,"href":"https:\/\/alger16.dz\/index.php?rest_route=\/wp\/v2\/users\/3"}],"replies":[{"embeddable":true,"href":"https:\/\/alger16.dz\/index.php?rest_route=%2Fwp%2Fv2%2Fcomments&post=57078"}],"version-history":[{"count":2,"href":"https:\/\/alger16.dz\/index.php?rest_route=\/wp\/v2\/posts\/57078\/revisions"}],"predecessor-version":[{"id":57131,"href":"https:\/\/alger16.dz\/index.php?rest_route=\/wp\/v2\/posts\/57078\/revisions\/57131"}],"wp:featuredmedia":[{"embeddable":true,"href":"https:\/\/alger16.dz\/index.php?rest_route=\/wp\/v2\/media\/57080"}],"wp:attachment":[{"href":"https:\/\/alger16.dz\/index.php?rest_route=%2Fwp%2Fv2%2Fmedia&parent=57078"}],"wp:term":[{"taxonomy":"category","embeddable":true,"href":"https:\/\/alger16.dz\/index.php?rest_route=%2Fwp%2Fv2%2Fcategories&post=57078"},{"taxonomy":"post_tag","embeddable":true,"href":"https:\/\/alger16.dz\/index.php?rest_route=%2Fwp%2Fv2%2Ftags&post=57078"}],"curies":[{"name":"wp","href":"https:\/\/api.w.org\/{rel}","templated":true}]}}