{"id":57085,"date":"2026-03-13T11:32:23","date_gmt":"2026-03-13T11:32:23","guid":{"rendered":"https:\/\/alger16.dz\/?p=57085"},"modified":"2026-03-13T11:32:23","modified_gmt":"2026-03-13T11:32:23","slug":"anp-quatre-terroristes-abattus-lors-dune-embuscade-dans-le-secteur-militaire-de-tebessa","status":"publish","type":"post","link":"https:\/\/alger16.dz\/?p=57085","title":{"rendered":"ANP : Quatre terroristes abattus lors d&rsquo;une embuscade dans le Secteur militaire de T\u00e9bessa"},"content":{"rendered":"\n<figure class=\"wp-block-image size-large\"><img loading=\"lazy\" decoding=\"async\" width=\"1024\" height=\"576\" src=\"https:\/\/alger16.dz\/wp-content\/uploads\/2026\/03\/image-153-1024x576.png\" alt=\"\" class=\"wp-image-57086\" srcset=\"https:\/\/alger16.dz\/wp-content\/uploads\/2026\/03\/image-153-1024x576.png 1024w, https:\/\/alger16.dz\/wp-content\/uploads\/2026\/03\/image-153-300x169.png 300w, https:\/\/alger16.dz\/wp-content\/uploads\/2026\/03\/image-153-768x432.png 768w, https:\/\/alger16.dz\/wp-content\/uploads\/2026\/03\/image-153.png 1080w\" sizes=\"auto, (max-width: 1024px) 100vw, 1024px\" \/><\/figure>\n\n\n\n<p><strong>Quatre terroristes ont \u00e9t\u00e9 abattus et quatre (4) pistolets mitrailleurs de type Kalachnikov, ainsi que des munitions r\u00e9cup\u00e9r\u00e9s par des d\u00e9tachements combin\u00e9s de l&rsquo;Arm\u00e9e Nationale Populaire, la nuit de jeudi, lors d&rsquo;une embuscade dans le Secteur militaire de T\u00e9bessa, indique, vendredi, un communiqu\u00e9 du minist\u00e8re de la D\u00e9fense nationale (MDN).<\/strong><\/p>\n\n\n\n<p>\u00ab\u00a0En ex\u00e9cution des instructions du Haut Commandement de l&rsquo;Arm\u00e9e Nationale Populaire, relatives \u00e0 la garantie de la s\u00e9curit\u00e9 et de la qui\u00e9tude des citoyens, notamment durant ce mois b\u00e9ni de Ramadhan, et dans la poursuite des op\u00e9rations de lutte antiterroriste, et gr\u00e2ce \u00e0 l&rsquo;exploitation efficiente des renseignements fournis par les services de S\u00e9curit\u00e9 de l&rsquo;Arm\u00e9e, des d\u00e9tachements combin\u00e9s de l&rsquo;Arm\u00e9e Nationale Populaire ont abattu, la nuit d&rsquo;hier jeudi 12 mars 2026, lors d&rsquo;une embuscade dans le Secteur militaire de T\u00e9bessa en 5\u00e8me R\u00e9gion militaire, quatre terroristes et r\u00e9cup\u00e9r\u00e9 quatre pistolets mitrailleurs de type Kalachnikov et une quantit\u00e9 de munitions et d&rsquo;autres effets\u00a0\u00bb, pr\u00e9cise le communiqu\u00e9.<\/p>\n\n\n\n<p>\u00ab\u00a0Cette op\u00e9ration s&rsquo;ajoute \u00e0 l&rsquo;op\u00e9ration qualitative men\u00e9e le 01 mars 2026, dans la for\u00eat de Zeddine dans le Secteur militaire de Ain Defla en 1\u00e8re R\u00e9gion militaire, et qui s&rsquo;est sold\u00e9e par la neutralisation de deux terroristes et la r\u00e9cup\u00e9ration de deux pistolets mitrailleurs de type Kalachnikov et une quantit\u00e9 de munitions\u00a0\u00bb, ajoute la m\u00eame source.<\/p>\n\n\n\n<p>Ces deux op\u00e9rations men\u00e9es durant ce mois b\u00e9ni \u00ab\u00a0confirment une fois de plus la vigilance et la d\u00e9termination des unit\u00e9s de l&rsquo;Arm\u00e9e Nationale Populaire \u00e0 traquer les r\u00e9sidus de ces criminels en toutes circonstances et occasions, jusqu&rsquo;\u00e0 leur \u00e9radication\u00a0\u00bb, conclut le communiqu\u00e9 du MDN.<\/p>\n","protected":false},"excerpt":{"rendered":"<p>Quatre terroristes ont \u00e9t\u00e9 abattus et quatre (4) pistolets mitrailleurs de type Kalachnikov, ainsi que des munitions r\u00e9cup\u00e9r\u00e9s par des d\u00e9tachements combin\u00e9s de l&rsquo;Arm\u00e9e Nationale Populaire, la nuit de jeudi, lors d&rsquo;une embuscade dans le Secteur militaire de T\u00e9bessa, indique, vendredi, un communiqu\u00e9 du minist\u00e8re de la D\u00e9fense nationale (MDN). [&hellip;]<\/p>\n","protected":false},"author":3,"featured_media":57086,"comment_status":"closed","ping_status":"open","sticky":false,"template":"","format":"standard","meta":{"footnotes":""},"categories":[36],"tags":[271,163,99],"class_list":["post-57085","post","type-post","status-publish","format-standard","has-post-thumbnail","hentry","category-actualites","tag-anp","tag-lutte-antiterroriste","tag-mdn"],"_links":{"self":[{"href":"https:\/\/alger16.dz\/index.php?rest_route=\/wp\/v2\/posts\/57085","targetHints":{"allow":["GET"]}}],"collection":[{"href":"https:\/\/alger16.dz\/index.php?rest_route=\/wp\/v2\/posts"}],"about":[{"href":"https:\/\/alger16.dz\/index.php?rest_route=\/wp\/v2\/types\/post"}],"author":[{"embeddable":true,"href":"https:\/\/alger16.dz\/index.php?rest_route=\/wp\/v2\/users\/3"}],"replies":[{"embeddable":true,"href":"https:\/\/alger16.dz\/index.php?rest_route=%2Fwp%2Fv2%2Fcomments&post=57085"}],"version-history":[{"count":1,"href":"https:\/\/alger16.dz\/index.php?rest_route=\/wp\/v2\/posts\/57085\/revisions"}],"predecessor-version":[{"id":57087,"href":"https:\/\/alger16.dz\/index.php?rest_route=\/wp\/v2\/posts\/57085\/revisions\/57087"}],"wp:featuredmedia":[{"embeddable":true,"href":"https:\/\/alger16.dz\/index.php?rest_route=\/wp\/v2\/media\/57086"}],"wp:attachment":[{"href":"https:\/\/alger16.dz\/index.php?rest_route=%2Fwp%2Fv2%2Fmedia&parent=57085"}],"wp:term":[{"taxonomy":"category","embeddable":true,"href":"https:\/\/alger16.dz\/index.php?rest_route=%2Fwp%2Fv2%2Fcategories&post=57085"},{"taxonomy":"post_tag","embeddable":true,"href":"https:\/\/alger16.dz\/index.php?rest_route=%2Fwp%2Fv2%2Ftags&post=57085"}],"curies":[{"name":"wp","href":"https:\/\/api.w.org\/{rel}","templated":true}]}}